{"id":12888,"date":"2018-09-25T09:41:58","date_gmt":"2018-09-25T07:41:58","guid":{"rendered":"https:\/\/answear.sk\/blog\/?p=12888"},"modified":"2020-06-17T17:50:01","modified_gmt":"2020-06-17T15:50:01","slug":"suboj-stylistov-exkluzivne-predstavenie-poroty","status":"publish","type":"post","link":"https:\/\/answear.sk\/blog\/suboj-stylistov-exkluzivne-predstavenie-poroty\/12888","title":{"rendered":"S\u00daBOJ \u0160TYLISTOV:  EXKLUZ\u00cdVNE PREDSTAVENIE POROTY"},"content":{"rendered":"<span class=\"rt-reading-time\" style=\"display: block;\"><span class=\"rt-label rt-prefix\">\u010c\u00edtanie na <\/span> <span class=\"rt-time\">4<\/span> <span class=\"rt-label rt-postfix\">min\u00faty<\/span><\/span><p><strong>Kto rozhodne o udelen\u00ed titulu Najlep\u0161\u00ed \u0160tylista roku 2018? Ktor\u00e9 osobnosti zmenia bud\u00facnos\u0165 jedn\u00e9mu z\u00a0mlad\u00fdch m\u00f3dnych talentov na Slovensku? Zozn\u00e1mte sa s\u00a0p\u00e4\u0165\u010dlennou porotou projektu S\u00faboj \u0160tylistov zlo\u017eenej z\u00a0ostrie\u013ean\u00fdch profesion\u00e1lov. M\u00f3dna ikona, modelka, fashion blogerka, \u0161tylista a \u0161\u00e9fredaktorka m\u00f3dneho lifestylov\u00e9ho magaz\u00ednu otvoria u\u017e t\u00fato jese\u0148 najkreat\u00edvnej\u0161iemu \u0161tylistovi dvere do m\u00f3dnej brand\u017ee.\u00a0 <\/strong><!--more--><\/p>\n<p><strong>M\u00c1RIA \u010c\u00cdROV\u00c1 <\/strong><\/p>\n<p><img loading=\"lazy\" decoding=\"async\" class=\"size-medium wp-image-12891 alignleft\" src=\"https:\/\/answear.sk\/blog\/wp-content\/uploads\/2018\/09\/rsz_3_m\u00e1ria-300x300.jpg\" alt=\"\" width=\"300\" height=\"300\" srcset=\"https:\/\/answear.sk\/blog\/wp-content\/uploads\/2018\/09\/rsz_3_m\u00e1ria-300x300.jpg 300w, https:\/\/answear.sk\/blog\/wp-content\/uploads\/2018\/09\/rsz_3_m\u00e1ria-150x150.jpg 150w, https:\/\/answear.sk\/blog\/wp-content\/uploads\/2018\/09\/rsz_3_m\u00e1ria-768x768.jpg 768w, https:\/\/answear.sk\/blog\/wp-content\/uploads\/2018\/09\/rsz_3_m\u00e1ria-1024x1024.jpg 1024w, https:\/\/answear.sk\/blog\/wp-content\/uploads\/2018\/09\/rsz_3_m\u00e1ria-620x620.jpg 620w, https:\/\/answear.sk\/blog\/wp-content\/uploads\/2018\/09\/rsz_3_m\u00e1ria.jpg 1824w\" sizes=\"(max-width: 300px) 100vw, 300px\" \/>Nad\u010dasov\u00e1, \u017eensk\u00e1, elegantn\u00e1 a s pr\u00edchu\u0165ou rafinovanej extravagancie. Aj takto m\u00f4\u017eeme vystihn\u00fa\u0165 skvel\u00fa spev\u00e1\u010dku, text\u00e1rku, klaviristku a m\u00f3dnu ikonu, ktor\u00e1 svojim vycibren\u00fdm vkusom preukazuje publiku nielen hudobn\u00e9 z\u00e1\u017eitky, ale aj odvahu ako by\u0165 unik\u00e1tom vlastn\u00e9ho \u0161t\u00fdlu. Od z\u00edskania Zlat\u00e9ho Sl\u00e1vika, v kateg\u00f3rii Objav roka u\u017e uplynulo mnoho \u010dasu a M\u00e1ria s \u00faspechom vykro\u010dila na hudobn\u00fa sc\u00e9nu ako albumami tak aj s CD nosi\u010dmi. Z t\u00fdch nov\u00fdch profesion\u00e1lnych poz\u00edci\u00ed, ktor\u00e9 t\u00e1to d\u00e1ma taktie\u017e s \u013eahkos\u0165ou predviedla je moderovanie div\u00e1cky popul\u00e1rnej reality \u0161ou O desa\u0165 rokov mlad\u0161\u00ed, ktor\u00e1 sa te\u0161ila u \u0161irokej verejnosti nesmierne pozit\u00edvnemu ohlasu.<\/p>\n<p>&nbsp;<\/p>\n<p>&nbsp;<\/p>\n<p>&nbsp;<\/p>\n<p><iframe loading=\"lazy\" src=\"https:\/\/www.youtube.com\/embed\/xpILaYyO8Dk\" width=\"912\" height=\"520\" frameborder=\"0\" allowfullscreen=\"allowfullscreen\"><span data-mce-type=\"bookmark\" style=\"display: inline-block; width: 0px; overflow: hidden; line-height: 0;\" class=\"mce_SELRES_start\">\ufeff<\/span><\/iframe><\/p>\n<p><strong>KAROL\u00cdNA CHOMISTEKOV\u00c1<\/strong><\/p>\n<p><img loading=\"lazy\" decoding=\"async\" class=\"size-medium wp-image-12892 alignleft\" src=\"https:\/\/answear.sk\/blog\/wp-content\/uploads\/2018\/09\/rsz_4_karol\u00edna-300x300.jpg\" alt=\"\" width=\"300\" height=\"300\" srcset=\"https:\/\/answear.sk\/blog\/wp-content\/uploads\/2018\/09\/rsz_4_karol\u00edna-300x300.jpg 300w, https:\/\/answear.sk\/blog\/wp-content\/uploads\/2018\/09\/rsz_4_karol\u00edna-150x150.jpg 150w, https:\/\/answear.sk\/blog\/wp-content\/uploads\/2018\/09\/rsz_4_karol\u00edna-768x768.jpg 768w, https:\/\/answear.sk\/blog\/wp-content\/uploads\/2018\/09\/rsz_4_karol\u00edna-1024x1024.jpg 1024w, https:\/\/answear.sk\/blog\/wp-content\/uploads\/2018\/09\/rsz_4_karol\u00edna-620x620.jpg 620w, https:\/\/answear.sk\/blog\/wp-content\/uploads\/2018\/09\/rsz_4_karol\u00edna.jpg 1858w\" sizes=\"(max-width: 300px) 100vw, 300px\" \/>V roku 2013 vyhrala titul Miss Slovensko a ako prvej Slovenke sa jej podarilo prebojova\u0165\u00a0 sa na svetovej s\u00fa\u0165a\u017ei Miss World do top 15. P\u00e4\u0165 rokov sa podie\u013ea na kreat\u00edve a tvorbe projektu Miss Slovensko, kde v s\u00fa\u010dasnosti p\u00f4sob\u00ed ako riadite\u013eka projektu, s \u010d\u00edm sa sp\u00e1ja aj jej spolupr\u00e1ca s mnoh\u00fdmi m\u00f3dnymi n\u00e1vrh\u00e1rmi ako aj s fashion akciami ako Eurovea Fashion Forward, Bratislavsk\u00e9 m\u00f3dne dni, Fashion Live a mnoh\u00e9 in\u00e9. Medzi n\u00e1vrh\u00e1rmi m\u00e1 otvoren\u00e9 dvere aj ako topmodelka. Na Pra\u017eskom Fashion Weeku predv\u00e1dzala u\u017e nieko\u013eko kr\u00e1t modely od Michaela Kov\u00e1\u010dika, ale s eleganciou vie predv\u00e1dza\u0165 aj r\u00f3by talentovanej Janky Pi\u0161tejovej \u010di Hellenski. Popri tejto \u010dinnosti sa venuje aj\u00a0 \u0161t\u00fadiu na vysokej \u0161kole City University of Seattle. Jej vz\u0165ah k m\u00f3de je ve\u013emi intenz\u00edvny. Ve\u013ekou in\u0161pir\u00e1ciu v oblasti m\u00f3dy bol pre Karol\u00ednu aj Par\u00ed\u017e, kde \u017eila\u00a0 viac ako rok. V m\u00f3de sa riadi v\u00fdrokom od legend\u00e1rnej Coco Chanel: \u201eWoman can be over dressed but never over elegant.\u201d<\/p>\n<p>&nbsp;<\/p>\n<p><iframe loading=\"lazy\" src=\"https:\/\/www.youtube.com\/embed\/EzlHI1Ysrx0\" width=\"912\" height=\"520\" frameborder=\"0\" allowfullscreen=\"allowfullscreen\"><span data-mce-type=\"bookmark\" style=\"display: inline-block; width: 0px; overflow: hidden; line-height: 0;\" class=\"mce_SELRES_start\">\ufeff<\/span><\/iframe><\/p>\n<p><strong>IVETA\u00a0 KOPERNICK\u00c1<\/strong><\/p>\n<p><img loading=\"lazy\" decoding=\"async\" class=\"size-medium wp-image-12893 alignleft\" src=\"https:\/\/answear.sk\/blog\/wp-content\/uploads\/2018\/09\/rsz_1_iveta-300x300.jpg\" alt=\"\" width=\"300\" height=\"300\" srcset=\"https:\/\/answear.sk\/blog\/wp-content\/uploads\/2018\/09\/rsz_1_iveta-300x300.jpg 300w, https:\/\/answear.sk\/blog\/wp-content\/uploads\/2018\/09\/rsz_1_iveta-150x150.jpg 150w, https:\/\/answear.sk\/blog\/wp-content\/uploads\/2018\/09\/rsz_1_iveta-768x768.jpg 768w, https:\/\/answear.sk\/blog\/wp-content\/uploads\/2018\/09\/rsz_1_iveta-1024x1024.jpg 1024w, https:\/\/answear.sk\/blog\/wp-content\/uploads\/2018\/09\/rsz_1_iveta-620x620.jpg 620w, https:\/\/answear.sk\/blog\/wp-content\/uploads\/2018\/09\/rsz_1_iveta.jpg 1824w\" sizes=\"(max-width: 300px) 100vw, 300px\" \/>P\u00edsal sa rok 2012 a blog DonnaIveh.com uzrel svetlo sveta. Vtedy e\u0161te Iveta netu\u0161ila, \u017ee ju bude blogovanie bavi\u0165 tak dlho. A pr\u00e1ve blogovan\u00edm\u00a0 sa dostala k stylingu a k s\u00fa\u0165a\u017ei S\u00faboj \u0160tylistov, ktor\u00fa v\u010faka svojmu editori\u00e1lu aj v roku 2015 vyhrala. S\u00fa\u0165a\u017e bola iba mal\u00fd kr\u00f4\u010dik k tomu, aby na\u010falej\u00a0 ve\u013emi \u0161ikovne rozv\u00edjala svoje stylingov\u00e9 zru\u010dnosti. V\u010faka tomu sa nesk\u00f4r dostala aj k pracovn\u00fdm ponuk\u00e1m na m\u00f3dnych editori\u00e1loch do \u010dasopisov a rekl\u00e1m, \u010di hudobn\u00fdch klipoch. M\u00e1 za sebou spolupr\u00e1ce na m\u00f3dnom foten\u00ed do \u010dasopisov EMMA a EVA, ako stylistka sa podie\u013eala\u00a0 na outfitoch do rekl\u00e1m, napr\u00edklad pre Rajo alebo Saturn. Pod svojou taktovkou mala taktie\u017e styling finalistiek do s\u00fa\u0165a\u017ee Czechoslovak Top Model ako aj do hudobn\u00fdch klipov, napr\u00edklad pre Daru Rolins. M\u00f3du berie ako ka\u017edodenn\u00fa potrebu, ale \u0161t\u00fdl ako du\u0161u outfitu. Teraz je hlavne mamou a svoju nov\u00fa profesiu si naplno u\u017e\u00edva. \u201eM\u00f4\u017eete nosi\u0165 \u010doko\u013evek a akoko\u013evek, ale bez va\u0161ej osobnosti, to nie je ono.\u201c<\/p>\n<p><iframe loading=\"lazy\" src=\"https:\/\/www.youtube.com\/embed\/o397K3REUVA\" width=\"912\" height=\"520\" frameborder=\"0\" allowfullscreen=\"allowfullscreen\"><span data-mce-type=\"bookmark\" style=\"display: inline-block; width: 0px; overflow: hidden; line-height: 0;\" class=\"mce_SELRES_start\">\ufeff<\/span><\/iframe><\/p>\n<p><strong>ALEXANDER\u00a0 LINDOV<\/strong><\/p>\n<p><img loading=\"lazy\" decoding=\"async\" class=\"size-medium wp-image-12894 alignleft\" src=\"https:\/\/answear.sk\/blog\/wp-content\/uploads\/2018\/09\/rsz_2_alex-300x300.jpg\" alt=\"\" width=\"300\" height=\"300\" srcset=\"https:\/\/answear.sk\/blog\/wp-content\/uploads\/2018\/09\/rsz_2_alex-300x300.jpg 300w, https:\/\/answear.sk\/blog\/wp-content\/uploads\/2018\/09\/rsz_2_alex-150x150.jpg 150w, https:\/\/answear.sk\/blog\/wp-content\/uploads\/2018\/09\/rsz_2_alex-768x768.jpg 768w, https:\/\/answear.sk\/blog\/wp-content\/uploads\/2018\/09\/rsz_2_alex-1024x1024.jpg 1024w, https:\/\/answear.sk\/blog\/wp-content\/uploads\/2018\/09\/rsz_2_alex-620x620.jpg 620w, https:\/\/answear.sk\/blog\/wp-content\/uploads\/2018\/09\/rsz_2_alex.jpg 1787w\" sizes=\"(max-width: 300px) 100vw, 300px\" \/>Alexander je slovensk\u00fd m\u00f3dny stylista \u017eij\u00faci striedavo v Prahe a Bratislave. \u0160tudoval m\u00f3dny styling a marketing. Od roku 2013 \u00fazko spolupracuje s mnoh\u00fdmi pr\u00e9miov\u00fdmi lifestylov\u00fdmi magaz\u00ednmi, kde vytv\u00e1ra kreat\u00edvny koncept pre fotenia a z\u00e1rove\u0148 pracuje aj ako osobn\u00fd stylista. Alexander m\u00e1 vo svojom portf\u00f3liu TV projekty: O 10 rokov mlad\u0161\u00ed, Miss Slovensko 2016, 2017, 2018 a reklamn\u00e9 kampane: Rowenta, Jan Molnar Salon, Aupark shopping center, Tatra Banka. Asisten\u010dne sa podielal na foteniach pre Vogue Japan i Vogue Portugal. Jeho fashion editori\u00e1ly boli uverejnen\u00e9 v magaz\u00ednoch Elle, Elle Man, Eva, Emma, Inspire, Woman, Top Fashion and Dolce Vita. Pre jedno z najv\u00e4\u010d\u0161\u00edch obchodn\u00fdch centier na Slovensku \u2013 Aupark Shopping pon\u00faka svoje slu\u017eby priv\u00e1tneho \u0161tylistu.<\/p>\n<p>&nbsp;<\/p>\n<p><iframe loading=\"lazy\" src=\"https:\/\/www.youtube.com\/embed\/7DCCznAK6p4\" width=\"912\" height=\"520\" frameborder=\"0\" allowfullscreen=\"allowfullscreen\"><span data-mce-type=\"bookmark\" style=\"display: inline-block; width: 0px; overflow: hidden; line-height: 0;\" class=\"mce_SELRES_start\">\ufeff<\/span><\/iframe><\/p>\n<p><strong>EVA \u00a0BLAH\u00daTOV\u00c1 <\/strong><\/p>\n<p><img loading=\"lazy\" decoding=\"async\" class=\"size-medium wp-image-12895 alignleft\" src=\"https:\/\/answear.sk\/blog\/wp-content\/uploads\/2018\/09\/rsz_5_eva-300x300.jpg\" alt=\"\" width=\"300\" height=\"300\" srcset=\"https:\/\/answear.sk\/blog\/wp-content\/uploads\/2018\/09\/rsz_5_eva-300x300.jpg 300w, https:\/\/answear.sk\/blog\/wp-content\/uploads\/2018\/09\/rsz_5_eva-150x150.jpg 150w, https:\/\/answear.sk\/blog\/wp-content\/uploads\/2018\/09\/rsz_5_eva-768x769.jpg 768w, https:\/\/answear.sk\/blog\/wp-content\/uploads\/2018\/09\/rsz_5_eva-1024x1024.jpg 1024w, https:\/\/answear.sk\/blog\/wp-content\/uploads\/2018\/09\/rsz_5_eva-620x621.jpg 620w, https:\/\/answear.sk\/blog\/wp-content\/uploads\/2018\/09\/rsz_5_eva.jpg 1697w\" sizes=\"(max-width: 300px) 100vw, 300px\" \/>Eva je dlhoro\u010dn\u00e1 \u0161\u00e9fredaktorka prest\u00ed\u017eneho lifestylov\u00e9ho mesa\u010dn\u00edka, ktor\u00fd ud\u00e1va trendy v m\u00f3de, kr\u00e1se a rie\u0161i vz\u0165ahy z poh\u013eadu \u017eien. V s\u00fa\u010dasnosti okrem \u010dasopisu vedie aj web emma.sk, wanda.sk a dohliada na soci\u00e1lne siete t\u00fdchto m\u00e9di\u00ed. Eva\u00a0 v m\u00f3de\u00a0 preferuje \u0161portov\u00fa eleganciu s d\u00f4razom na zauj\u00edmav\u00fd detail.<\/p>\n<p><strong>\u00a0<\/strong><\/p>\n<p>&nbsp;<\/p>\n<p>&nbsp;<\/p>\n<p>&nbsp;<\/p>\n<p><strong><iframe loading=\"lazy\" src=\"https:\/\/www.youtube.com\/embed\/980bP2ZDAjE\" width=\"912\" height=\"520\" frameborder=\"0\" allowfullscreen=\"allowfullscreen\"><span data-mce-type=\"bookmark\" style=\"display: inline-block; width: 0px; overflow: hidden; line-height: 0;\" class=\"mce_SELRES_start\">\ufeff<\/span><\/iframe><\/strong><\/p>\n<p><strong>CHCETE VEDIE\u0164 VIAC O S\u00daBOJI \u0160TYLISTOV? NAV\u0160T\u00cdVTE NA\u0160E STR\u00c1NKY: <span style=\"color: #000000;\"><u><a style=\"color: #000000;\" href=\"http:\/\/www.subojstylistov.answear.sk\">www.subojstylistov.answear.sk<\/a><\/u>\u00a0<\/span><\/strong><\/p>\n<p>Nahliadnite s nami do z\u00e1kulisia nakr\u00facania videa.\u00a0Na\u0161e po\u010fakovanie patr\u00ed make up artistke Urban Decay a fotografke\u00a0Paule Trebatickej<\/p>\n<p><img loading=\"lazy\" decoding=\"async\" class=\"aligncenter wp-image-12913 size-full\" src=\"https:\/\/answear.sk\/blog\/wp-content\/uploads\/2018\/09\/kolaz-1.jpg\" alt=\"\" width=\"900\" height=\"395\" srcset=\"https:\/\/answear.sk\/blog\/wp-content\/uploads\/2018\/09\/kolaz-1.jpg 900w, https:\/\/answear.sk\/blog\/wp-content\/uploads\/2018\/09\/kolaz-1-300x132.jpg 300w, https:\/\/answear.sk\/blog\/wp-content\/uploads\/2018\/09\/kolaz-1-768x337.jpg 768w, https:\/\/answear.sk\/blog\/wp-content\/uploads\/2018\/09\/kolaz-1-620x272.jpg 620w\" sizes=\"(max-width: 900px) 100vw, 900px\" \/><img loading=\"lazy\" decoding=\"async\" class=\"aligncenter wp-image-12912 size-full\" src=\"https:\/\/answear.sk\/blog\/wp-content\/uploads\/2018\/09\/kolaz-4.jpg\" alt=\"\" width=\"900\" height=\"395\" srcset=\"https:\/\/answear.sk\/blog\/wp-content\/uploads\/2018\/09\/kolaz-4.jpg 900w, https:\/\/answear.sk\/blog\/wp-content\/uploads\/2018\/09\/kolaz-4-300x132.jpg 300w, https:\/\/answear.sk\/blog\/wp-content\/uploads\/2018\/09\/kolaz-4-768x337.jpg 768w, https:\/\/answear.sk\/blog\/wp-content\/uploads\/2018\/09\/kolaz-4-620x272.jpg 620w\" sizes=\"(max-width: 900px) 100vw, 900px\" \/><\/p>\n<p><img loading=\"lazy\" decoding=\"async\" class=\"aligncenter wp-image-12914 size-full\" src=\"https:\/\/answear.sk\/blog\/wp-content\/uploads\/2018\/09\/kolaz-2.jpg\" alt=\"\" width=\"900\" height=\"395\" srcset=\"https:\/\/answear.sk\/blog\/wp-content\/uploads\/2018\/09\/kolaz-2.jpg 900w, https:\/\/answear.sk\/blog\/wp-content\/uploads\/2018\/09\/kolaz-2-300x132.jpg 300w, https:\/\/answear.sk\/blog\/wp-content\/uploads\/2018\/09\/kolaz-2-768x337.jpg 768w, https:\/\/answear.sk\/blog\/wp-content\/uploads\/2018\/09\/kolaz-2-620x272.jpg 620w\" sizes=\"(max-width: 900px) 100vw, 900px\" \/> <img loading=\"lazy\" decoding=\"async\" class=\"aligncenter wp-image-12915 size-full\" src=\"https:\/\/answear.sk\/blog\/wp-content\/uploads\/2018\/09\/kolaz-3.jpg\" alt=\"\" width=\"900\" height=\"395\" srcset=\"https:\/\/answear.sk\/blog\/wp-content\/uploads\/2018\/09\/kolaz-3.jpg 900w, https:\/\/answear.sk\/blog\/wp-content\/uploads\/2018\/09\/kolaz-3-300x132.jpg 300w, https:\/\/answear.sk\/blog\/wp-content\/uploads\/2018\/09\/kolaz-3-768x337.jpg 768w, https:\/\/answear.sk\/blog\/wp-content\/uploads\/2018\/09\/kolaz-3-620x272.jpg 620w\" sizes=\"(max-width: 900px) 100vw, 900px\" \/><\/p>\n","protected":false},"excerpt":{"rendered":"<p><span class=\"rt-reading-time\" style=\"display: block;\"><span class=\"rt-label rt-prefix\">\u010c\u00edtanie na <\/span> <span class=\"rt-time\">4<\/span> <span class=\"rt-label rt-postfix\">min\u00faty<\/span><\/span> Kto rozhodne o udelen\u00ed titulu Najlep\u0161\u00ed \u0160tylista roku 2018? Ktor\u00e9 osobnosti zmenia bud\u00facnos\u0165 jedn\u00e9mu z\u00a0mlad\u00fdch m\u00f3dnych talentov na Slovensku? Zozn\u00e1mte sa s\u00a0p\u00e4\u0165\u010dlennou porotou projektu S\u00faboj \u0160tylistov zlo\u017eenej z\u00a0ostrie\u013ean\u00fdch profesion\u00e1lov. M\u00f3dna ikona, modelka, fashion blogerka, \u0161tylista a \u0161\u00e9fredaktorka m\u00f3dneho lifestylov\u00e9ho magaz\u00ednu otvoria u\u017e t\u00fato jese\u0148 najkreat\u00edvnej\u0161iemu \u0161tylistovi dvere do m\u00f3dnej brand\u017ee.\u00a0<\/p>\n","protected":false},"author":31,"featured_media":12889,"comment_status":"closed","ping_status":"closed","sticky":false,"template":"","format":"standard","meta":{"footnotes":""},"categories":[918],"tags":[],"yoast_head":"<!-- This site is optimized with the Yoast SEO plugin v22.2 - https:\/\/yoast.com\/wordpress\/plugins\/seo\/ -->\n<title>S\u00daBOJ \u0160TYLISTOV: EXKLUZ\u00cdVNE PREDSTAVENIE POROTY - answear.sk blog<\/title>\n<meta name=\"description\" content=\"Kto rozhodne o udelen\u00ed titulu Najlep\u0161\u00ed \u0160tylista roku 2018? Ktor\u00e9 osobnosti zmenia bud\u00facnos\u0165 jedn\u00e9mu z\u00a0mlad\u00fdch m\u00f3dnych talentov na Slovensku? Zozn\u00e1mte sa\" \/>\n<meta name=\"robots\" content=\"index, follow, max-snippet:-1, max-image-preview:large, max-video-preview:-1\" \/>\n<link rel=\"canonical\" href=\"https:\/\/answear.sk\/blog\/suboj-stylistov-exkluzivne-predstavenie-poroty\/12888\" \/>\n<meta property=\"og:locale\" content=\"sk_SK\" \/>\n<meta property=\"og:type\" content=\"article\" \/>\n<meta property=\"og:title\" content=\"S\u00daBOJ \u0160TYLISTOV: EXKLUZ\u00cdVNE PREDSTAVENIE POROTY - answear.sk blog\" \/>\n<meta property=\"og:description\" content=\"Kto rozhodne o udelen\u00ed titulu Najlep\u0161\u00ed \u0160tylista roku 2018? Ktor\u00e9 osobnosti zmenia bud\u00facnos\u0165 jedn\u00e9mu z\u00a0mlad\u00fdch m\u00f3dnych talentov na Slovensku? Zozn\u00e1mte sa\" \/>\n<meta property=\"og:url\" content=\"https:\/\/answear.sk\/blog\/suboj-stylistov-exkluzivne-predstavenie-poroty\/12888\" \/>\n<meta property=\"og:site_name\" content=\"answear.sk blog\" \/>\n<meta property=\"article:published_time\" content=\"2018-09-25T07:41:58+00:00\" \/>\n<meta property=\"article:modified_time\" content=\"2020-06-17T15:50:01+00:00\" \/>\n<meta property=\"og:image\" content=\"https:\/\/answear.sk\/blog\/wp-content\/uploads\/2018\/09\/blog-top_12.jpg\" \/>\n\t<meta property=\"og:image:width\" content=\"900\" \/>\n\t<meta property=\"og:image:height\" content=\"395\" \/>\n\t<meta property=\"og:image:type\" content=\"image\/jpeg\" \/>\n<meta name=\"author\" content=\"Nicole\" \/>\n<meta name=\"twitter:card\" content=\"summary_large_image\" \/>\n<meta name=\"twitter:label1\" content=\"Autor\" \/>\n\t<meta name=\"twitter:data1\" content=\"Nicole\" \/>\n\t<meta name=\"twitter:label2\" content=\"Predpokladan\u00fd \u010das \u010d\u00edtania\" \/>\n\t<meta name=\"twitter:data2\" content=\"4 min\u00faty\" \/>\n<script type=\"application\/ld+json\" class=\"yoast-schema-graph\">{\"@context\":\"https:\/\/schema.org\",\"@graph\":[{\"@type\":\"WebPage\",\"@id\":\"https:\/\/answear.sk\/blog\/suboj-stylistov-exkluzivne-predstavenie-poroty\/12888\",\"url\":\"https:\/\/answear.sk\/blog\/suboj-stylistov-exkluzivne-predstavenie-poroty\/12888\",\"name\":\"S\u00daBOJ \u0160TYLISTOV: EXKLUZ\u00cdVNE PREDSTAVENIE POROTY - answear.sk blog\",\"isPartOf\":{\"@id\":\"https:\/\/answear.sk\/blog\/#website\"},\"primaryImageOfPage\":{\"@id\":\"https:\/\/answear.sk\/blog\/suboj-stylistov-exkluzivne-predstavenie-poroty\/12888#primaryimage\"},\"image\":{\"@id\":\"https:\/\/answear.sk\/blog\/suboj-stylistov-exkluzivne-predstavenie-poroty\/12888#primaryimage\"},\"thumbnailUrl\":\"https:\/\/answear.sk\/blog\/wp-content\/uploads\/2018\/09\/blog-top_12.jpg\",\"datePublished\":\"2018-09-25T07:41:58+00:00\",\"dateModified\":\"2020-06-17T15:50:01+00:00\",\"author\":{\"@id\":\"https:\/\/answear.sk\/blog\/#\/schema\/person\/84f37abe8c9b21f260bcca32d5ca2b19\"},\"description\":\"Kto rozhodne o udelen\u00ed titulu Najlep\u0161\u00ed \u0160tylista roku 2018? Ktor\u00e9 osobnosti zmenia bud\u00facnos\u0165 jedn\u00e9mu z\u00a0mlad\u00fdch m\u00f3dnych talentov na Slovensku? Zozn\u00e1mte sa\",\"breadcrumb\":{\"@id\":\"https:\/\/answear.sk\/blog\/suboj-stylistov-exkluzivne-predstavenie-poroty\/12888#breadcrumb\"},\"inLanguage\":\"sk-SK\",\"potentialAction\":[{\"@type\":\"ReadAction\",\"target\":[\"https:\/\/answear.sk\/blog\/suboj-stylistov-exkluzivne-predstavenie-poroty\/12888\"]}]},{\"@type\":\"ImageObject\",\"inLanguage\":\"sk-SK\",\"@id\":\"https:\/\/answear.sk\/blog\/suboj-stylistov-exkluzivne-predstavenie-poroty\/12888#primaryimage\",\"url\":\"https:\/\/answear.sk\/blog\/wp-content\/uploads\/2018\/09\/blog-top_12.jpg\",\"contentUrl\":\"https:\/\/answear.sk\/blog\/wp-content\/uploads\/2018\/09\/blog-top_12.jpg\",\"width\":900,\"height\":395},{\"@type\":\"BreadcrumbList\",\"@id\":\"https:\/\/answear.sk\/blog\/suboj-stylistov-exkluzivne-predstavenie-poroty\/12888#breadcrumb\",\"itemListElement\":[{\"@type\":\"ListItem\",\"position\":1,\"name\":\"Domovsk\u00e1 str\u00e1nka\",\"item\":\"https:\/\/answear.sk\/blog\/\"},{\"@type\":\"ListItem\",\"position\":2,\"name\":\"S\u00daBOJ \u0160TYLISTOV: EXKLUZ\u00cdVNE PREDSTAVENIE POROTY\"}]},{\"@type\":\"WebSite\",\"@id\":\"https:\/\/answear.sk\/blog\/#website\",\"url\":\"https:\/\/answear.sk\/blog\/\",\"name\":\"answear.sk blog\",\"description\":\"M\u00f3da, trendy, rady a tipy od stylistov, novinky zo sveta m\u00f3dy. We know the ANSWEAR ;-)\",\"potentialAction\":[{\"@type\":\"SearchAction\",\"target\":{\"@type\":\"EntryPoint\",\"urlTemplate\":\"https:\/\/answear.sk\/blog\/?s={search_term_string}\"},\"query-input\":\"required name=search_term_string\"}],\"inLanguage\":\"sk-SK\"},{\"@type\":\"Person\",\"@id\":\"https:\/\/answear.sk\/blog\/#\/schema\/person\/84f37abe8c9b21f260bcca32d5ca2b19\",\"name\":\"Nicole\",\"image\":{\"@type\":\"ImageObject\",\"inLanguage\":\"sk-SK\",\"@id\":\"https:\/\/answear.sk\/blog\/#\/schema\/person\/image\/\",\"url\":\"https:\/\/secure.gravatar.com\/avatar\/ebcc0076ddda532a42fb9cfa7ba0817e?s=96&d=mm&r=g\",\"contentUrl\":\"https:\/\/secure.gravatar.com\/avatar\/ebcc0076ddda532a42fb9cfa7ba0817e?s=96&d=mm&r=g\",\"caption\":\"Nicole\"},\"url\":\"https:\/\/answear.sk\/blog\/author\/nicole\"}]}<\/script>\n<!-- \/ Yoast SEO plugin. -->","yoast_head_json":{"title":"S\u00daBOJ \u0160TYLISTOV: EXKLUZ\u00cdVNE PREDSTAVENIE POROTY - answear.sk blog","description":"Kto rozhodne o udelen\u00ed titulu Najlep\u0161\u00ed \u0160tylista roku 2018? Ktor\u00e9 osobnosti zmenia bud\u00facnos\u0165 jedn\u00e9mu z\u00a0mlad\u00fdch m\u00f3dnych talentov na Slovensku? Zozn\u00e1mte sa","robots":{"index":"index","follow":"follow","max-snippet":"max-snippet:-1","max-image-preview":"max-image-preview:large","max-video-preview":"max-video-preview:-1"},"canonical":"https:\/\/answear.sk\/blog\/suboj-stylistov-exkluzivne-predstavenie-poroty\/12888","og_locale":"sk_SK","og_type":"article","og_title":"S\u00daBOJ \u0160TYLISTOV: EXKLUZ\u00cdVNE PREDSTAVENIE POROTY - answear.sk blog","og_description":"Kto rozhodne o udelen\u00ed titulu Najlep\u0161\u00ed \u0160tylista roku 2018? Ktor\u00e9 osobnosti zmenia bud\u00facnos\u0165 jedn\u00e9mu z\u00a0mlad\u00fdch m\u00f3dnych talentov na Slovensku? Zozn\u00e1mte sa","og_url":"https:\/\/answear.sk\/blog\/suboj-stylistov-exkluzivne-predstavenie-poroty\/12888","og_site_name":"answear.sk blog","article_published_time":"2018-09-25T07:41:58+00:00","article_modified_time":"2020-06-17T15:50:01+00:00","og_image":[{"width":900,"height":395,"url":"https:\/\/answear.sk\/blog\/wp-content\/uploads\/2018\/09\/blog-top_12.jpg","type":"image\/jpeg"}],"author":"Nicole","twitter_card":"summary_large_image","twitter_misc":{"Autor":"Nicole","Predpokladan\u00fd \u010das \u010d\u00edtania":"4 min\u00faty"},"schema":{"@context":"https:\/\/schema.org","@graph":[{"@type":"WebPage","@id":"https:\/\/answear.sk\/blog\/suboj-stylistov-exkluzivne-predstavenie-poroty\/12888","url":"https:\/\/answear.sk\/blog\/suboj-stylistov-exkluzivne-predstavenie-poroty\/12888","name":"S\u00daBOJ \u0160TYLISTOV: EXKLUZ\u00cdVNE PREDSTAVENIE POROTY - answear.sk blog","isPartOf":{"@id":"https:\/\/answear.sk\/blog\/#website"},"primaryImageOfPage":{"@id":"https:\/\/answear.sk\/blog\/suboj-stylistov-exkluzivne-predstavenie-poroty\/12888#primaryimage"},"image":{"@id":"https:\/\/answear.sk\/blog\/suboj-stylistov-exkluzivne-predstavenie-poroty\/12888#primaryimage"},"thumbnailUrl":"https:\/\/answear.sk\/blog\/wp-content\/uploads\/2018\/09\/blog-top_12.jpg","datePublished":"2018-09-25T07:41:58+00:00","dateModified":"2020-06-17T15:50:01+00:00","author":{"@id":"https:\/\/answear.sk\/blog\/#\/schema\/person\/84f37abe8c9b21f260bcca32d5ca2b19"},"description":"Kto rozhodne o udelen\u00ed titulu Najlep\u0161\u00ed \u0160tylista roku 2018? Ktor\u00e9 osobnosti zmenia bud\u00facnos\u0165 jedn\u00e9mu z\u00a0mlad\u00fdch m\u00f3dnych talentov na Slovensku? Zozn\u00e1mte sa","breadcrumb":{"@id":"https:\/\/answear.sk\/blog\/suboj-stylistov-exkluzivne-predstavenie-poroty\/12888#breadcrumb"},"inLanguage":"sk-SK","potentialAction":[{"@type":"ReadAction","target":["https:\/\/answear.sk\/blog\/suboj-stylistov-exkluzivne-predstavenie-poroty\/12888"]}]},{"@type":"ImageObject","inLanguage":"sk-SK","@id":"https:\/\/answear.sk\/blog\/suboj-stylistov-exkluzivne-predstavenie-poroty\/12888#primaryimage","url":"https:\/\/answear.sk\/blog\/wp-content\/uploads\/2018\/09\/blog-top_12.jpg","contentUrl":"https:\/\/answear.sk\/blog\/wp-content\/uploads\/2018\/09\/blog-top_12.jpg","width":900,"height":395},{"@type":"BreadcrumbList","@id":"https:\/\/answear.sk\/blog\/suboj-stylistov-exkluzivne-predstavenie-poroty\/12888#breadcrumb","itemListElement":[{"@type":"ListItem","position":1,"name":"Domovsk\u00e1 str\u00e1nka","item":"https:\/\/answear.sk\/blog\/"},{"@type":"ListItem","position":2,"name":"S\u00daBOJ \u0160TYLISTOV: EXKLUZ\u00cdVNE PREDSTAVENIE POROTY"}]},{"@type":"WebSite","@id":"https:\/\/answear.sk\/blog\/#website","url":"https:\/\/answear.sk\/blog\/","name":"answear.sk blog","description":"M\u00f3da, trendy, rady a tipy od stylistov, novinky zo sveta m\u00f3dy. We know the ANSWEAR ;-)","potentialAction":[{"@type":"SearchAction","target":{"@type":"EntryPoint","urlTemplate":"https:\/\/answear.sk\/blog\/?s={search_term_string}"},"query-input":"required name=search_term_string"}],"inLanguage":"sk-SK"},{"@type":"Person","@id":"https:\/\/answear.sk\/blog\/#\/schema\/person\/84f37abe8c9b21f260bcca32d5ca2b19","name":"Nicole","image":{"@type":"ImageObject","inLanguage":"sk-SK","@id":"https:\/\/answear.sk\/blog\/#\/schema\/person\/image\/","url":"https:\/\/secure.gravatar.com\/avatar\/ebcc0076ddda532a42fb9cfa7ba0817e?s=96&d=mm&r=g","contentUrl":"https:\/\/secure.gravatar.com\/avatar\/ebcc0076ddda532a42fb9cfa7ba0817e?s=96&d=mm&r=g","caption":"Nicole"},"url":"https:\/\/answear.sk\/blog\/author\/nicole"}]}},"_links":{"self":[{"href":"https:\/\/answear.sk\/blog\/wp-json\/wp\/v2\/posts\/12888"}],"collection":[{"href":"https:\/\/answear.sk\/blog\/wp-json\/wp\/v2\/posts"}],"about":[{"href":"https:\/\/answear.sk\/blog\/wp-json\/wp\/v2\/types\/post"}],"author":[{"embeddable":true,"href":"https:\/\/answear.sk\/blog\/wp-json\/wp\/v2\/users\/31"}],"replies":[{"embeddable":true,"href":"https:\/\/answear.sk\/blog\/wp-json\/wp\/v2\/comments?post=12888"}],"version-history":[{"count":16,"href":"https:\/\/answear.sk\/blog\/wp-json\/wp\/v2\/posts\/12888\/revisions"}],"predecessor-version":[{"id":13009,"href":"https:\/\/answear.sk\/blog\/wp-json\/wp\/v2\/posts\/12888\/revisions\/13009"}],"wp:featuredmedia":[{"embeddable":true,"href":"https:\/\/answear.sk\/blog\/wp-json\/wp\/v2\/media\/12889"}],"wp:attachment":[{"href":"https:\/\/answear.sk\/blog\/wp-json\/wp\/v2\/media?parent=12888"}],"wp:term":[{"taxonomy":"category","embeddable":true,"href":"https:\/\/answear.sk\/blog\/wp-json\/wp\/v2\/categories?post=12888"},{"taxonomy":"post_tag","embeddable":true,"href":"https:\/\/answear.sk\/blog\/wp-json\/wp\/v2\/tags?post=12888"}],"curies":[{"name":"wp","href":"https:\/\/api.w.org\/{rel}","templated":true}]}}