{"id":17256,"date":"2020-10-12T16:33:18","date_gmt":"2020-10-12T14:33:18","guid":{"rendered":"https:\/\/answear.sk\/blog\/?p=17256"},"modified":"2020-10-12T16:38:15","modified_gmt":"2020-10-12T14:38:15","slug":"jesenne-trendy-co-by-malo-pribudnut-do-panskeho-satnika","status":"publish","type":"post","link":"https:\/\/answear.sk\/blog\/jesenne-trendy-co-by-malo-pribudnut-do-panskeho-satnika\/17256","title":{"rendered":"Jesenn\u00e9 trendy &#8211; \u010do by malo pribudn\u00fa\u0165 do p\u00e1nskeho \u0161atn\u00edka?"},"content":{"rendered":"<span class=\"rt-reading-time\" style=\"display: block;\"><span class=\"rt-label rt-prefix\">\u010c\u00edtanie na <\/span> <span class=\"rt-time\">2<\/span> <span class=\"rt-label rt-postfix\">min\u00faty<\/span><\/span><p><strong>Pozrite sa s nami, \u010do sa deje v oblasti mu\u017esk\u00fdch trendov. Od m\u00f3dnych tepl\u00e1kov\u00fdch s\u00faprav a\u017e po tepl\u00e9 vrchn\u00e9 odevy &#8211; pozrite si druh\u00fa \u010das\u0165 na\u0161ej recenzie a pozrite sa, ktor\u00fdm farb\u00e1m a strihom sa v sez\u00f3ne 2020\/2021 oplat\u00ed venova\u0165 pozornos\u0165!<\/strong><!--more--><\/p>\n<p><img loading=\"lazy\" decoding=\"async\" class=\"size-full wp-image-17263 aligncenter\" src=\"https:\/\/answear.sk\/blog\/wp-content\/uploads\/2020\/10\/Trendy_AW20_2_HE_1.jpg\" alt=\"\" width=\"795\" height=\"596\" srcset=\"https:\/\/answear.sk\/blog\/wp-content\/uploads\/2020\/10\/Trendy_AW20_2_HE_1.jpg 795w, https:\/\/answear.sk\/blog\/wp-content\/uploads\/2020\/10\/Trendy_AW20_2_HE_1-768x576.jpg 768w\" sizes=\"(max-width: 795px) 100vw, 795px\" \/><\/p>\n<p><strong>\u0160portov\u00e9 oble\u010denie<\/strong><\/p>\n<p>Na vlne popularity pohodln\u00e9ho \u0161t\u00fdlu a streetwearu nem\u00f4\u017eeme zabudn\u00fa\u0165 na \u0161portov\u00e9 oble\u010denie. T\u00fato jese\u0148 ho vyu\u017eijeme nielen pri tr\u00e9ningu. V r\u00e1mci va\u0161ej streetwearovej viz\u00e1\u017ee je mo\u017en\u00e9 pou\u017ei\u0165 tepl\u00e1kov\u00e9 s\u00fapravy, zatia\u013e \u010do v neform\u00e1lnych outfitoch bud\u00fa pou\u017eit\u00e9 aj jednotliv\u00e9 funk\u010dn\u00e9 prvky ako mikina, bunda alebo nohavice. Nezabudnite na tenisky, ktor\u00e9 m\u00f4\u017eete nosi\u0165 prakticky k \u010domuko\u013evek.<\/p>\n<div id='gallery-1' class='gallery galleryid-17256 gallery-columns-3 gallery-size-large'><figure class='gallery-item'>\n\t\t\t<div class='gallery-icon portrait'>\n\t\t\t\t<a href='https:\/\/answear.sk\/blog\/jesenne-trendy-co-by-malo-pribudnut-do-panskeho-satnika\/17256\/trendy_aw20_2_he_2'><img loading=\"lazy\" decoding=\"async\" width=\"255\" height=\"388\" src=\"https:\/\/answear.sk\/blog\/wp-content\/uploads\/2020\/10\/Trendy_AW20_2_HE_2.jpg\" class=\"attachment-large size-large\" alt=\"\" \/><\/a>\n\t\t\t<\/div><\/figure><figure class='gallery-item'>\n\t\t\t<div class='gallery-icon portrait'>\n\t\t\t\t<a href='https:\/\/answear.sk\/blog\/jesenne-trendy-co-by-malo-pribudnut-do-panskeho-satnika\/17256\/trendy_aw20_2_he_3'><img loading=\"lazy\" decoding=\"async\" width=\"255\" height=\"388\" src=\"https:\/\/answear.sk\/blog\/wp-content\/uploads\/2020\/10\/Trendy_AW20_2_HE_3.jpg\" class=\"attachment-large size-large\" alt=\"\" \/><\/a>\n\t\t\t<\/div><\/figure><figure class='gallery-item'>\n\t\t\t<div class='gallery-icon portrait'>\n\t\t\t\t<a href='https:\/\/answear.sk\/blog\/jesenne-trendy-co-by-malo-pribudnut-do-panskeho-satnika\/17256\/trendy_aw20_2_he_4'><img loading=\"lazy\" decoding=\"async\" width=\"255\" height=\"388\" src=\"https:\/\/answear.sk\/blog\/wp-content\/uploads\/2020\/10\/Trendy_AW20_2_HE_4.jpg\" class=\"attachment-large size-large\" alt=\"\" \/><\/a>\n\t\t\t<\/div><\/figure>\n\t\t<\/div>\n\n<p><a href=\"https:\/\/answear.sk\/p\/fila-mikina-352007\">FILA<\/a> \/ <a href=\"https:\/\/answear.sk\/p\/fila-topanky-trail-r-348562\">FILA<\/a> \/ <a href=\"https:\/\/answear.sk\/p\/adidas-originals-mikina-342013\">ADIDAS ORIGINALS<\/a><\/p>\n<div id='gallery-2' class='gallery galleryid-17256 gallery-columns-3 gallery-size-large'><figure class='gallery-item'>\n\t\t\t<div class='gallery-icon portrait'>\n\t\t\t\t<a href='https:\/\/answear.sk\/blog\/jesenne-trendy-co-by-malo-pribudnut-do-panskeho-satnika\/17256\/trendy_aw20_2_he_5'><img loading=\"lazy\" decoding=\"async\" width=\"255\" height=\"388\" src=\"https:\/\/answear.sk\/blog\/wp-content\/uploads\/2020\/10\/Trendy_AW20_2_HE_5.jpg\" class=\"attachment-large size-large\" alt=\"\" \/><\/a>\n\t\t\t<\/div><\/figure><figure class='gallery-item'>\n\t\t\t<div class='gallery-icon portrait'>\n\t\t\t\t<a href='https:\/\/answear.sk\/blog\/jesenne-trendy-co-by-malo-pribudnut-do-panskeho-satnika\/17256\/trendy_aw20_2_he_6'><img loading=\"lazy\" decoding=\"async\" width=\"255\" height=\"388\" src=\"https:\/\/answear.sk\/blog\/wp-content\/uploads\/2020\/10\/Trendy_AW20_2_HE_6.jpg\" class=\"attachment-large size-large\" alt=\"\" \/><\/a>\n\t\t\t<\/div><\/figure><figure class='gallery-item'>\n\t\t\t<div class='gallery-icon portrait'>\n\t\t\t\t<a href='https:\/\/answear.sk\/blog\/jesenne-trendy-co-by-malo-pribudnut-do-panskeho-satnika\/17256\/trendy_aw20_2_he_7'><img loading=\"lazy\" decoding=\"async\" width=\"255\" height=\"388\" src=\"https:\/\/answear.sk\/blog\/wp-content\/uploads\/2020\/10\/Trendy_AW20_2_HE_7.jpg\" class=\"attachment-large size-large\" alt=\"\" \/><\/a>\n\t\t\t<\/div><\/figure>\n\t\t<\/div>\n\n<p><a href=\"https:\/\/answear.sk\/p\/nike-sportswear-bunda-346523\">NIKE<\/a> \/ <a href=\"https:\/\/answear.sk\/p\/adidas-performance-nohavice-320417\">ADIDAS PERFORMANCE<\/a> \/ <a href=\"https:\/\/answear.sk\/p\/adidas-originals-mikina-x-disney-323177\">ADIDAS ORIGINALS<\/a><\/p>\n<p><strong>Farba pop<\/strong><\/p>\n<p>V jesenn\u00fdch zamra\u010den\u00fdch d\u0148och siahame po farb\u00e1ch! V tejto sez\u00f3ne musia by\u0165 na\u0161e \u00fa\u010desy \u010derven\u00e9, oran\u017eov\u00e9, zelen\u00e9 a \u017elt\u00e9. Ak farebn\u00e9 \u0161t\u00fdly nie s\u00fa va\u0161ou silnou str\u00e1nkou, pou\u017eite akcent v podobe v\u00fdrazn\u00e9ho doplnku. \u010cerven\u00fd \u0161\u00e1l alebo ne\u00f3nov\u00e1 \u010diapka uved\u00fa do \u017eivota aj ten najnudnej\u0161\u00ed outfit. Nezabudnite tie\u017e, \u017ee svoj imid\u017e m\u00f4\u017eete vytv\u00e1ra\u0165 nielen na princ\u00edpoch colour blocking &#8211; na vrchole s\u00fa aj farebn\u00e9 potla\u010de, napr\u00edklad mot\u00edvy kravatov\u00fdch farieb, ktor\u00e9 obohatia mikiny, tri\u010dk\u00e1 aj rif\u013aov\u00e9 bundy.<\/p>\n<div id='gallery-3' class='gallery galleryid-17256 gallery-columns-3 gallery-size-large'><figure class='gallery-item'>\n\t\t\t<div class='gallery-icon portrait'>\n\t\t\t\t<a href='https:\/\/answear.sk\/blog\/jesenne-trendy-co-by-malo-pribudnut-do-panskeho-satnika\/17256\/trendy_aw20_2_he_25'><img loading=\"lazy\" decoding=\"async\" width=\"255\" height=\"388\" src=\"https:\/\/answear.sk\/blog\/wp-content\/uploads\/2020\/10\/Trendy_AW20_2_HE_25.jpg\" class=\"attachment-large size-large\" alt=\"\" \/><\/a>\n\t\t\t<\/div><\/figure><figure class='gallery-item'>\n\t\t\t<div class='gallery-icon portrait'>\n\t\t\t\t<a href='https:\/\/answear.sk\/blog\/jesenne-trendy-co-by-malo-pribudnut-do-panskeho-satnika\/17256\/trendy_aw20_2_he_26'><img loading=\"lazy\" decoding=\"async\" width=\"255\" height=\"388\" src=\"https:\/\/answear.sk\/blog\/wp-content\/uploads\/2020\/10\/Trendy_AW20_2_HE_26.jpg\" class=\"attachment-large size-large\" alt=\"\" \/><\/a>\n\t\t\t<\/div><\/figure><figure class='gallery-item'>\n\t\t\t<div class='gallery-icon portrait'>\n\t\t\t\t<a href='https:\/\/answear.sk\/blog\/jesenne-trendy-co-by-malo-pribudnut-do-panskeho-satnika\/17256\/trendy_aw20_2_he_28'><img loading=\"lazy\" decoding=\"async\" width=\"255\" height=\"388\" src=\"https:\/\/answear.sk\/blog\/wp-content\/uploads\/2020\/10\/Trendy_AW20_2_HE_28.jpg\" class=\"attachment-large size-large\" alt=\"\" \/><\/a>\n\t\t\t<\/div><\/figure>\n\t\t<\/div>\n\n<p><a href=\"https:\/\/answear.sk\/p\/lee-bunda-346739\">LEE<\/a> \/ <a href=\"https:\/\/answear.sk\/p\/iceberg-tricko-352352\">ICEBERG<\/a> \/ <a href=\"https:\/\/answear.sk\/p\/tommy-jeans-mikina-352002\">TOMMY JEANS<\/a><\/p>\n<div id='gallery-4' class='gallery galleryid-17256 gallery-columns-3 gallery-size-large'><figure class='gallery-item'>\n\t\t\t<div class='gallery-icon portrait'>\n\t\t\t\t<a href='https:\/\/answear.sk\/blog\/jesenne-trendy-co-by-malo-pribudnut-do-panskeho-satnika\/17256\/trendy_aw20_2_he_33'><img loading=\"lazy\" decoding=\"async\" width=\"255\" height=\"388\" src=\"https:\/\/answear.sk\/blog\/wp-content\/uploads\/2020\/10\/Trendy_AW20_2_HE_33.jpg\" class=\"attachment-large size-large\" alt=\"\" \/><\/a>\n\t\t\t<\/div><\/figure><figure class='gallery-item'>\n\t\t\t<div class='gallery-icon portrait'>\n\t\t\t\t<a href='https:\/\/answear.sk\/blog\/jesenne-trendy-co-by-malo-pribudnut-do-panskeho-satnika\/17256\/trendy_aw20_2_he_34'><img loading=\"lazy\" decoding=\"async\" width=\"255\" height=\"388\" src=\"https:\/\/answear.sk\/blog\/wp-content\/uploads\/2020\/10\/Trendy_AW20_2_HE_34.jpg\" class=\"attachment-large size-large\" alt=\"\" \/><\/a>\n\t\t\t<\/div><\/figure><figure class='gallery-item'>\n\t\t\t<div class='gallery-icon portrait'>\n\t\t\t\t<a href='https:\/\/answear.sk\/blog\/jesenne-trendy-co-by-malo-pribudnut-do-panskeho-satnika\/17256\/trendy_aw20_2_he_35'><img loading=\"lazy\" decoding=\"async\" width=\"255\" height=\"388\" src=\"https:\/\/answear.sk\/blog\/wp-content\/uploads\/2020\/10\/Trendy_AW20_2_HE_35.jpg\" class=\"attachment-large size-large\" alt=\"\" \/><\/a>\n\t\t\t<\/div><\/figure>\n\t\t<\/div>\n\n<p><a href=\"https:\/\/answear.sk\/p\/vans-bavlnena-mikina-351365\">VANS<\/a> \/ <a href=\"https:\/\/answear.sk\/p\/reebok-classic-ponozky-327241\">REEBOK<\/a> \/ <a href=\"https:\/\/answear.sk\/p\/adidas-originals-bunda-340406\">ADIDAS ORIGINALS<\/a><\/p>\n<p><img loading=\"lazy\" decoding=\"async\" class=\"size-full wp-image-17278 aligncenter\" src=\"https:\/\/answear.sk\/blog\/wp-content\/uploads\/2020\/10\/Trendy_AW20_2_HE_40.jpg\" alt=\"\" width=\"795\" height=\"596\" srcset=\"https:\/\/answear.sk\/blog\/wp-content\/uploads\/2020\/10\/Trendy_AW20_2_HE_40.jpg 795w, https:\/\/answear.sk\/blog\/wp-content\/uploads\/2020\/10\/Trendy_AW20_2_HE_40-768x576.jpg 768w\" sizes=\"(max-width: 795px) 100vw, 795px\" \/><\/p>\n<p><strong>Jesenn\u00e9 kab\u00e1ty<\/strong><\/p>\n<p>Ke\u010f pr\u00eddu chladnej\u0161ie dni, stoj\u00ed za to myslie\u0165 na spr\u00e1vne vrchn\u00e9 oble\u010denie. Rovnako ako v d\u00e1mskej m\u00f3de, aj v tejto sez\u00f3ne je pr\u00e1ve kab\u00e1t, ten rozhoduj\u00faci k\u00fasok. Priamo z anglick\u00e9ho prekladu \u201eanglick\u00fd kab\u00e1t\u201c, ide o origin\u00e1lny vrchn\u00fd odev, ktor\u00fd sa vyzna\u010duje farbou, strihom alebo detailami p\u00fataj\u00facimi pozornos\u0165. Ak m\u00f3dne \u0161ialenstvo nie je va\u0161ou \u0161\u00e1lkou k\u00e1vy, stavte na klasiku. Jednoduch\u00fd vlnen\u00fd kab\u00e1t v tlmen\u00fdch odtie\u0148och b\u00e9\u017eovej alebo sivej sa perfektne hod\u00ed k pr\u00edrodn\u00fdm trendom. Tento typ vrchn\u00e9ho odevu bude u\u017eito\u010dn\u00fd nielen do kancel\u00e1rie &#8211; m\u00f4\u017eete ho kombinova\u0165 s teniskami a \u010diapkou.<\/p>\n<div id='gallery-5' class='gallery galleryid-17256 gallery-columns-3 gallery-size-large'><figure class='gallery-item'>\n\t\t\t<div class='gallery-icon portrait'>\n\t\t\t\t<a href='https:\/\/answear.sk\/blog\/jesenne-trendy-co-by-malo-pribudnut-do-panskeho-satnika\/17256\/trendy_aw20_2_he_43'><img loading=\"lazy\" decoding=\"async\" width=\"255\" height=\"388\" src=\"https:\/\/answear.sk\/blog\/wp-content\/uploads\/2020\/10\/Trendy_AW20_2_HE_43.jpg\" class=\"attachment-large size-large\" alt=\"\" \/><\/a>\n\t\t\t<\/div><\/figure><figure class='gallery-item'>\n\t\t\t<div class='gallery-icon portrait'>\n\t\t\t\t<a href='https:\/\/answear.sk\/blog\/jesenne-trendy-co-by-malo-pribudnut-do-panskeho-satnika\/17256\/trendy_aw20_2_he_44'><img loading=\"lazy\" decoding=\"async\" width=\"255\" height=\"388\" src=\"https:\/\/answear.sk\/blog\/wp-content\/uploads\/2020\/10\/Trendy_AW20_2_HE_44.jpg\" class=\"attachment-large size-large\" alt=\"\" \/><\/a>\n\t\t\t<\/div><\/figure><figure class='gallery-item'>\n\t\t\t<div class='gallery-icon portrait'>\n\t\t\t\t<a href='https:\/\/answear.sk\/blog\/jesenne-trendy-co-by-malo-pribudnut-do-panskeho-satnika\/17256\/trendy_aw20_2_he_42'><img loading=\"lazy\" decoding=\"async\" width=\"255\" height=\"388\" src=\"https:\/\/answear.sk\/blog\/wp-content\/uploads\/2020\/10\/Trendy_AW20_2_HE_42.jpg\" class=\"attachment-large size-large\" alt=\"\" \/><\/a>\n\t\t\t<\/div><\/figure>\n\t\t<\/div>\n\n<p><a href=\"https:\/\/answear.sk\/p\/calvin-klein-kabat-351404\">CALVIN KLEIN<\/a> \/ <a href=\"https:\/\/answear.sk\/p\/hugo-kabat-335111\">HUGO<\/a> \/ PRODUKT BY JACK &amp; JONES<\/p>\n<div id='gallery-6' class='gallery galleryid-17256 gallery-columns-3 gallery-size-large'><figure class='gallery-item'>\n\t\t\t<div class='gallery-icon portrait'>\n\t\t\t\t<a href='https:\/\/answear.sk\/blog\/jesenne-trendy-co-by-malo-pribudnut-do-panskeho-satnika\/17256\/trendy_aw20_2_he_45'><img loading=\"lazy\" decoding=\"async\" width=\"255\" height=\"388\" src=\"https:\/\/answear.sk\/blog\/wp-content\/uploads\/2020\/10\/Trendy_AW20_2_HE_45.jpg\" class=\"attachment-large size-large\" alt=\"\" \/><\/a>\n\t\t\t<\/div><\/figure><figure class='gallery-item'>\n\t\t\t<div class='gallery-icon portrait'>\n\t\t\t\t<a href='https:\/\/answear.sk\/blog\/jesenne-trendy-co-by-malo-pribudnut-do-panskeho-satnika\/17256\/trendy_aw20_2_he_46'><img loading=\"lazy\" decoding=\"async\" width=\"255\" height=\"388\" src=\"https:\/\/answear.sk\/blog\/wp-content\/uploads\/2020\/10\/Trendy_AW20_2_HE_46.jpg\" class=\"attachment-large size-large\" alt=\"\" \/><\/a>\n\t\t\t<\/div><\/figure><figure class='gallery-item'>\n\t\t\t<div class='gallery-icon portrait'>\n\t\t\t\t<a href='https:\/\/answear.sk\/blog\/jesenne-trendy-co-by-malo-pribudnut-do-panskeho-satnika\/17256\/trendy_aw20_2_he_47'><img loading=\"lazy\" decoding=\"async\" width=\"255\" height=\"388\" src=\"https:\/\/answear.sk\/blog\/wp-content\/uploads\/2020\/10\/Trendy_AW20_2_HE_47.jpg\" class=\"attachment-large size-large\" alt=\"\" \/><\/a>\n\t\t\t<\/div><\/figure>\n\t\t<\/div>\n\n<p><a href=\"https:\/\/answear.sk\/p\/selected-kabat-340347\">SELECTED<\/a> \/ <a href=\"https:\/\/answear.sk\/p\/tailored-originals-kabat-346698\">TAILORED &amp; ORIGINALS<\/a> \/ <a href=\"https:\/\/answear.sk\/p\/calvin-klein-kabat-315425\">CALVIN KLEIN<\/a><\/p>\n<p><img loading=\"lazy\" decoding=\"async\" class=\"size-full wp-image-17286 aligncenter\" src=\"https:\/\/answear.sk\/blog\/wp-content\/uploads\/2020\/10\/Trendy_AW20_2_HE_48.jpg\" alt=\"\" width=\"795\" height=\"568\" srcset=\"https:\/\/answear.sk\/blog\/wp-content\/uploads\/2020\/10\/Trendy_AW20_2_HE_48.jpg 795w, https:\/\/answear.sk\/blog\/wp-content\/uploads\/2020\/10\/Trendy_AW20_2_HE_48-768x549.jpg 768w\" sizes=\"(max-width: 795px) 100vw, 795px\" \/><\/p>\n","protected":false},"excerpt":{"rendered":"<p><span class=\"rt-reading-time\" style=\"display: block;\"><span class=\"rt-label rt-prefix\">\u010c\u00edtanie na <\/span> <span class=\"rt-time\">2<\/span> <span class=\"rt-label rt-postfix\">min\u00faty<\/span><\/span> Pozrite sa s nami, \u010do sa deje v oblasti mu\u017esk\u00fdch trendov. Od m\u00f3dnych tepl\u00e1kov\u00fdch s\u00faprav a\u017e po tepl\u00e9 vrchn\u00e9 odevy &#8211; pozrite si druh\u00fa \u010das\u0165 na\u0161ej recenzie a pozrite sa, ktor\u00fdm farb\u00e1m a strihom sa v sez\u00f3ne 2020\/2021 oplat\u00ed venova\u0165 pozornos\u0165!<\/p>\n","protected":false},"author":31,"featured_media":17289,"comment_status":"closed","ping_status":"closed","sticky":false,"template":"","format":"standard","meta":{"footnotes":""},"categories":[676],"tags":[249,856,745,860,955,933,263,378,965,254,848,943,855,239],"yoast_head":"<!-- This site is optimized with the Yoast SEO plugin v22.2 - https:\/\/yoast.com\/wordpress\/plugins\/seo\/ -->\n<title>Jesenn\u00e9 trendy - \u010do by malo pribudn\u00fa\u0165 do p\u00e1nskeho \u0161atn\u00edka? - answear.sk blog<\/title>\n<meta name=\"description\" content=\"Pozrite sa s nami, \u010do sa deje v oblasti mu\u017esk\u00fdch trendov. Od m\u00f3dnych tepl\u00e1kov\u00fdch s\u00faprav a\u017e po tepl\u00e9 vrchn\u00e9 odevy - pozrite si druh\u00fa \u010das\u0165 na\u0161ej recenzie a\" \/>\n<meta name=\"robots\" content=\"index, follow, max-snippet:-1, max-image-preview:large, max-video-preview:-1\" \/>\n<link rel=\"canonical\" href=\"https:\/\/answear.sk\/blog\/jesenne-trendy-co-by-malo-pribudnut-do-panskeho-satnika\/17256\" \/>\n<meta property=\"og:locale\" content=\"sk_SK\" \/>\n<meta property=\"og:type\" content=\"article\" \/>\n<meta property=\"og:title\" content=\"Jesenn\u00e9 trendy - \u010do by malo pribudn\u00fa\u0165 do p\u00e1nskeho \u0161atn\u00edka? - answear.sk blog\" \/>\n<meta property=\"og:description\" content=\"Pozrite sa s nami, \u010do sa deje v oblasti mu\u017esk\u00fdch trendov. Od m\u00f3dnych tepl\u00e1kov\u00fdch s\u00faprav a\u017e po tepl\u00e9 vrchn\u00e9 odevy - pozrite si druh\u00fa \u010das\u0165 na\u0161ej recenzie a\" \/>\n<meta property=\"og:url\" content=\"https:\/\/answear.sk\/blog\/jesenne-trendy-co-by-malo-pribudnut-do-panskeho-satnika\/17256\" \/>\n<meta property=\"og:site_name\" content=\"answear.sk blog\" \/>\n<meta property=\"article:published_time\" content=\"2020-10-12T14:33:18+00:00\" \/>\n<meta property=\"article:modified_time\" content=\"2020-10-12T14:38:15+00:00\" \/>\n<meta property=\"og:image\" content=\"https:\/\/answear.sk\/blog\/wp-content\/uploads\/2020\/10\/Main-4.jpg\" \/>\n\t<meta property=\"og:image:width\" content=\"1200\" \/>\n\t<meta property=\"og:image:height\" content=\"800\" \/>\n\t<meta property=\"og:image:type\" content=\"image\/jpeg\" \/>\n<meta name=\"author\" content=\"Nicole\" \/>\n<meta name=\"twitter:card\" content=\"summary_large_image\" \/>\n<meta name=\"twitter:label1\" content=\"Autor\" \/>\n\t<meta name=\"twitter:data1\" content=\"Nicole\" \/>\n\t<meta name=\"twitter:label2\" content=\"Predpokladan\u00fd \u010das \u010d\u00edtania\" \/>\n\t<meta name=\"twitter:data2\" content=\"2 min\u00faty\" \/>\n<script type=\"application\/ld+json\" class=\"yoast-schema-graph\">{\"@context\":\"https:\/\/schema.org\",\"@graph\":[{\"@type\":\"WebPage\",\"@id\":\"https:\/\/answear.sk\/blog\/jesenne-trendy-co-by-malo-pribudnut-do-panskeho-satnika\/17256\",\"url\":\"https:\/\/answear.sk\/blog\/jesenne-trendy-co-by-malo-pribudnut-do-panskeho-satnika\/17256\",\"name\":\"Jesenn\u00e9 trendy - \u010do by malo pribudn\u00fa\u0165 do p\u00e1nskeho \u0161atn\u00edka? - answear.sk blog\",\"isPartOf\":{\"@id\":\"https:\/\/answear.sk\/blog\/#website\"},\"primaryImageOfPage\":{\"@id\":\"https:\/\/answear.sk\/blog\/jesenne-trendy-co-by-malo-pribudnut-do-panskeho-satnika\/17256#primaryimage\"},\"image\":{\"@id\":\"https:\/\/answear.sk\/blog\/jesenne-trendy-co-by-malo-pribudnut-do-panskeho-satnika\/17256#primaryimage\"},\"thumbnailUrl\":\"https:\/\/answear.sk\/blog\/wp-content\/uploads\/2020\/10\/Main-4.jpg\",\"datePublished\":\"2020-10-12T14:33:18+00:00\",\"dateModified\":\"2020-10-12T14:38:15+00:00\",\"author\":{\"@id\":\"https:\/\/answear.sk\/blog\/#\/schema\/person\/84f37abe8c9b21f260bcca32d5ca2b19\"},\"description\":\"Pozrite sa s nami, \u010do sa deje v oblasti mu\u017esk\u00fdch trendov. Od m\u00f3dnych tepl\u00e1kov\u00fdch s\u00faprav a\u017e po tepl\u00e9 vrchn\u00e9 odevy - pozrite si druh\u00fa \u010das\u0165 na\u0161ej recenzie a\",\"breadcrumb\":{\"@id\":\"https:\/\/answear.sk\/blog\/jesenne-trendy-co-by-malo-pribudnut-do-panskeho-satnika\/17256#breadcrumb\"},\"inLanguage\":\"sk-SK\",\"potentialAction\":[{\"@type\":\"ReadAction\",\"target\":[\"https:\/\/answear.sk\/blog\/jesenne-trendy-co-by-malo-pribudnut-do-panskeho-satnika\/17256\"]}]},{\"@type\":\"ImageObject\",\"inLanguage\":\"sk-SK\",\"@id\":\"https:\/\/answear.sk\/blog\/jesenne-trendy-co-by-malo-pribudnut-do-panskeho-satnika\/17256#primaryimage\",\"url\":\"https:\/\/answear.sk\/blog\/wp-content\/uploads\/2020\/10\/Main-4.jpg\",\"contentUrl\":\"https:\/\/answear.sk\/blog\/wp-content\/uploads\/2020\/10\/Main-4.jpg\",\"width\":1200,\"height\":800},{\"@type\":\"BreadcrumbList\",\"@id\":\"https:\/\/answear.sk\/blog\/jesenne-trendy-co-by-malo-pribudnut-do-panskeho-satnika\/17256#breadcrumb\",\"itemListElement\":[{\"@type\":\"ListItem\",\"position\":1,\"name\":\"Domovsk\u00e1 str\u00e1nka\",\"item\":\"https:\/\/answear.sk\/blog\/\"},{\"@type\":\"ListItem\",\"position\":2,\"name\":\"Jesenn\u00e9 trendy &#8211; \u010do by malo pribudn\u00fa\u0165 do p\u00e1nskeho \u0161atn\u00edka?\"}]},{\"@type\":\"WebSite\",\"@id\":\"https:\/\/answear.sk\/blog\/#website\",\"url\":\"https:\/\/answear.sk\/blog\/\",\"name\":\"answear.sk blog\",\"description\":\"M\u00f3da, trendy, rady a tipy od stylistov, novinky zo sveta m\u00f3dy. We know the ANSWEAR ;-)\",\"potentialAction\":[{\"@type\":\"SearchAction\",\"target\":{\"@type\":\"EntryPoint\",\"urlTemplate\":\"https:\/\/answear.sk\/blog\/?s={search_term_string}\"},\"query-input\":\"required name=search_term_string\"}],\"inLanguage\":\"sk-SK\"},{\"@type\":\"Person\",\"@id\":\"https:\/\/answear.sk\/blog\/#\/schema\/person\/84f37abe8c9b21f260bcca32d5ca2b19\",\"name\":\"Nicole\",\"image\":{\"@type\":\"ImageObject\",\"inLanguage\":\"sk-SK\",\"@id\":\"https:\/\/answear.sk\/blog\/#\/schema\/person\/image\/\",\"url\":\"https:\/\/secure.gravatar.com\/avatar\/ebcc0076ddda532a42fb9cfa7ba0817e?s=96&d=mm&r=g\",\"contentUrl\":\"https:\/\/secure.gravatar.com\/avatar\/ebcc0076ddda532a42fb9cfa7ba0817e?s=96&d=mm&r=g\",\"caption\":\"Nicole\"},\"url\":\"https:\/\/answear.sk\/blog\/author\/nicole\"}]}<\/script>\n<!-- \/ Yoast SEO plugin. -->","yoast_head_json":{"title":"Jesenn\u00e9 trendy - \u010do by malo pribudn\u00fa\u0165 do p\u00e1nskeho \u0161atn\u00edka? - answear.sk blog","description":"Pozrite sa s nami, \u010do sa deje v oblasti mu\u017esk\u00fdch trendov. Od m\u00f3dnych tepl\u00e1kov\u00fdch s\u00faprav a\u017e po tepl\u00e9 vrchn\u00e9 odevy - pozrite si druh\u00fa \u010das\u0165 na\u0161ej recenzie a","robots":{"index":"index","follow":"follow","max-snippet":"max-snippet:-1","max-image-preview":"max-image-preview:large","max-video-preview":"max-video-preview:-1"},"canonical":"https:\/\/answear.sk\/blog\/jesenne-trendy-co-by-malo-pribudnut-do-panskeho-satnika\/17256","og_locale":"sk_SK","og_type":"article","og_title":"Jesenn\u00e9 trendy - \u010do by malo pribudn\u00fa\u0165 do p\u00e1nskeho \u0161atn\u00edka? - answear.sk blog","og_description":"Pozrite sa s nami, \u010do sa deje v oblasti mu\u017esk\u00fdch trendov. Od m\u00f3dnych tepl\u00e1kov\u00fdch s\u00faprav a\u017e po tepl\u00e9 vrchn\u00e9 odevy - pozrite si druh\u00fa \u010das\u0165 na\u0161ej recenzie a","og_url":"https:\/\/answear.sk\/blog\/jesenne-trendy-co-by-malo-pribudnut-do-panskeho-satnika\/17256","og_site_name":"answear.sk blog","article_published_time":"2020-10-12T14:33:18+00:00","article_modified_time":"2020-10-12T14:38:15+00:00","og_image":[{"width":1200,"height":800,"url":"https:\/\/answear.sk\/blog\/wp-content\/uploads\/2020\/10\/Main-4.jpg","type":"image\/jpeg"}],"author":"Nicole","twitter_card":"summary_large_image","twitter_misc":{"Autor":"Nicole","Predpokladan\u00fd \u010das \u010d\u00edtania":"2 min\u00faty"},"schema":{"@context":"https:\/\/schema.org","@graph":[{"@type":"WebPage","@id":"https:\/\/answear.sk\/blog\/jesenne-trendy-co-by-malo-pribudnut-do-panskeho-satnika\/17256","url":"https:\/\/answear.sk\/blog\/jesenne-trendy-co-by-malo-pribudnut-do-panskeho-satnika\/17256","name":"Jesenn\u00e9 trendy - \u010do by malo pribudn\u00fa\u0165 do p\u00e1nskeho \u0161atn\u00edka? - answear.sk blog","isPartOf":{"@id":"https:\/\/answear.sk\/blog\/#website"},"primaryImageOfPage":{"@id":"https:\/\/answear.sk\/blog\/jesenne-trendy-co-by-malo-pribudnut-do-panskeho-satnika\/17256#primaryimage"},"image":{"@id":"https:\/\/answear.sk\/blog\/jesenne-trendy-co-by-malo-pribudnut-do-panskeho-satnika\/17256#primaryimage"},"thumbnailUrl":"https:\/\/answear.sk\/blog\/wp-content\/uploads\/2020\/10\/Main-4.jpg","datePublished":"2020-10-12T14:33:18+00:00","dateModified":"2020-10-12T14:38:15+00:00","author":{"@id":"https:\/\/answear.sk\/blog\/#\/schema\/person\/84f37abe8c9b21f260bcca32d5ca2b19"},"description":"Pozrite sa s nami, \u010do sa deje v oblasti mu\u017esk\u00fdch trendov. Od m\u00f3dnych tepl\u00e1kov\u00fdch s\u00faprav a\u017e po tepl\u00e9 vrchn\u00e9 odevy - pozrite si druh\u00fa \u010das\u0165 na\u0161ej recenzie a","breadcrumb":{"@id":"https:\/\/answear.sk\/blog\/jesenne-trendy-co-by-malo-pribudnut-do-panskeho-satnika\/17256#breadcrumb"},"inLanguage":"sk-SK","potentialAction":[{"@type":"ReadAction","target":["https:\/\/answear.sk\/blog\/jesenne-trendy-co-by-malo-pribudnut-do-panskeho-satnika\/17256"]}]},{"@type":"ImageObject","inLanguage":"sk-SK","@id":"https:\/\/answear.sk\/blog\/jesenne-trendy-co-by-malo-pribudnut-do-panskeho-satnika\/17256#primaryimage","url":"https:\/\/answear.sk\/blog\/wp-content\/uploads\/2020\/10\/Main-4.jpg","contentUrl":"https:\/\/answear.sk\/blog\/wp-content\/uploads\/2020\/10\/Main-4.jpg","width":1200,"height":800},{"@type":"BreadcrumbList","@id":"https:\/\/answear.sk\/blog\/jesenne-trendy-co-by-malo-pribudnut-do-panskeho-satnika\/17256#breadcrumb","itemListElement":[{"@type":"ListItem","position":1,"name":"Domovsk\u00e1 str\u00e1nka","item":"https:\/\/answear.sk\/blog\/"},{"@type":"ListItem","position":2,"name":"Jesenn\u00e9 trendy &#8211; \u010do by malo pribudn\u00fa\u0165 do p\u00e1nskeho \u0161atn\u00edka?"}]},{"@type":"WebSite","@id":"https:\/\/answear.sk\/blog\/#website","url":"https:\/\/answear.sk\/blog\/","name":"answear.sk blog","description":"M\u00f3da, trendy, rady a tipy od stylistov, novinky zo sveta m\u00f3dy. We know the ANSWEAR ;-)","potentialAction":[{"@type":"SearchAction","target":{"@type":"EntryPoint","urlTemplate":"https:\/\/answear.sk\/blog\/?s={search_term_string}"},"query-input":"required name=search_term_string"}],"inLanguage":"sk-SK"},{"@type":"Person","@id":"https:\/\/answear.sk\/blog\/#\/schema\/person\/84f37abe8c9b21f260bcca32d5ca2b19","name":"Nicole","image":{"@type":"ImageObject","inLanguage":"sk-SK","@id":"https:\/\/answear.sk\/blog\/#\/schema\/person\/image\/","url":"https:\/\/secure.gravatar.com\/avatar\/ebcc0076ddda532a42fb9cfa7ba0817e?s=96&d=mm&r=g","contentUrl":"https:\/\/secure.gravatar.com\/avatar\/ebcc0076ddda532a42fb9cfa7ba0817e?s=96&d=mm&r=g","caption":"Nicole"},"url":"https:\/\/answear.sk\/blog\/author\/nicole"}]}},"_links":{"self":[{"href":"https:\/\/answear.sk\/blog\/wp-json\/wp\/v2\/posts\/17256"}],"collection":[{"href":"https:\/\/answear.sk\/blog\/wp-json\/wp\/v2\/posts"}],"about":[{"href":"https:\/\/answear.sk\/blog\/wp-json\/wp\/v2\/types\/post"}],"author":[{"embeddable":true,"href":"https:\/\/answear.sk\/blog\/wp-json\/wp\/v2\/users\/31"}],"replies":[{"embeddable":true,"href":"https:\/\/answear.sk\/blog\/wp-json\/wp\/v2\/comments?post=17256"}],"version-history":[{"count":6,"href":"https:\/\/answear.sk\/blog\/wp-json\/wp\/v2\/posts\/17256\/revisions"}],"predecessor-version":[{"id":17288,"href":"https:\/\/answear.sk\/blog\/wp-json\/wp\/v2\/posts\/17256\/revisions\/17288"}],"wp:featuredmedia":[{"embeddable":true,"href":"https:\/\/answear.sk\/blog\/wp-json\/wp\/v2\/media\/17289"}],"wp:attachment":[{"href":"https:\/\/answear.sk\/blog\/wp-json\/wp\/v2\/media?parent=17256"}],"wp:term":[{"taxonomy":"category","embeddable":true,"href":"https:\/\/answear.sk\/blog\/wp-json\/wp\/v2\/categories?post=17256"},{"taxonomy":"post_tag","embeddable":true,"href":"https:\/\/answear.sk\/blog\/wp-json\/wp\/v2\/tags?post=17256"}],"curies":[{"name":"wp","href":"https:\/\/api.w.org\/{rel}","templated":true}]}}