{"id":23539,"date":"2024-10-07T13:40:50","date_gmt":"2024-10-07T11:40:50","guid":{"rendered":"https:\/\/answear.sk\/blog\/?p=23539"},"modified":"2024-10-07T13:40:50","modified_gmt":"2024-10-07T11:40:50","slug":"caro-cervenej-ikony-mody-na-cervenom-koberci","status":"publish","type":"post","link":"https:\/\/answear.sk\/blog\/caro-cervenej-ikony-mody-na-cervenom-koberci\/23539","title":{"rendered":"\u010caro \u010dervenej: Ikony m\u00f3dy na \u010dervenom koberci"},"content":{"rendered":"<span class=\"rt-reading-time\" style=\"display: block;\"><span class=\"rt-label rt-prefix\">\u010c\u00edtanie na <\/span> <span class=\"rt-time\">3<\/span> <span class=\"rt-label rt-postfix\">min\u00faty<\/span><\/span>\r\n<p><strong>\u010cerven\u00fd koberec nie je len miestom, kde sa prech\u00e1dzaj\u00fa celebrity \u2013 je to miesto, kde sa rodia ikony v \u017eiare reflektorov.<\/strong><\/p>\r\n\r\n\r\n\r\n<p><!--more--><\/p>\r\n\r\n\r\n\r\n<p class=\"bigletter\">\u010cerven\u00e9 kre\u00e1cie, ktor\u00e9 si z\u00edskali sl\u00e1vu, zost\u00e1vaj\u00fa v pam\u00e4ti nielen v\u010faka svojmu intenz\u00edvnemu odtie\u0148u, ale aj preto, \u017ee nes\u00fa ist\u00fa hist\u00f3riu, em\u00f3ciu a niekedy aj m\u00f3dnu revol\u00faciu. Ka\u017ed\u00e1 z nich mala svoj jedine\u010dn\u00fd charakter, no v\u0161etky zdie\u013eali spolo\u010dn\u00e9ho menovate\u013ea \u2013 \u010derven\u00fa, ktor\u00e1 v\u017edy pritiahne poh\u013eady, in\u0161piruje a uchvacuje.<\/p>\r\n\r\n\r\n\r\n<p><strong>\u201eM\u00f3da nie je len ot\u00e1zkou oble\u010denia. M\u00f3da je nie\u010do vo vzduchu, nie\u010do pominute\u013en\u00e9, \u010do sa men\u00ed pod\u013ea oblohy, miesta, sez\u00f3ny. Je to sp\u00f4sob \u017eivota,\u201d povedal Karl Lagerfeld.<\/strong><\/p>\r\n\r\n\r\n\r\n<p>Bez oh\u013eadu na sez\u00f3nu, odtie\u0148 \u010di \u0161t\u00fdl, \u010derven\u00e9 \u0161aty s\u00fa v\u017edy symbolom odvahy, elegancie a nad\u010dasov\u00e9ho p\u00f4vabu. Vo svete m\u00f3dy mnoh\u00e9 tak\u00e9to kre\u00e1cie nielen zanechali elektrizuj\u00faci dojem v danej chv\u00edli, ale tie\u017e sa zap\u00edsali do hist\u00f3rie ako najv\u00fdznamnej\u0161ie okamihy popkult\u00fary.<\/p>\r\n\r\n\r\n\r\n<p><strong>\u010cerven\u00e1 je farba, ktor\u00e1 nielen\u017ee pri\u0165ahuje pozornos\u0165, ale aj vy\u017earuje moc, v\u00e1\u0161e\u0148 a sebavedomie.<\/strong><\/p>\r\n\r\n\r\n\r\n<p>Na \u010derven\u00fdch kobercoch po celom svete celebrity opakovane dokazuj\u00fa, \u017ee v\u00fdber \u010derven\u00e9ho outfitu je k\u013e\u00fa\u010dom k m\u00f3dnemu \u00faspechu.<\/p>\r\n\r\n\r\n\r\n<h2 class=\"wp-block-heading\">Hviezdy v \u010dervenej<\/h2>\r\n\r\n\r\n\r\n<p>Nicole Kidman na Oscaroch v roku 2007 ohromila v\u0161etk\u00fdch svojou fenomen\u00e1lnou \u010dervenou r\u00f3bou od Balenciaga. Kre\u00e1cia sa vyzna\u010dovala asymetrick\u00fdm strihom, odhalen\u00fdmi ramenami a dramatickou vle\u010dkou, zatia\u013e \u010do umeleck\u00fd uzol na krku pridal eleganciu a sofistikovanos\u0165. Kidman nielen\u017ee zd\u00f4raznila svoju kr\u00e1su, ale aj redefinovala, \u010do znamen\u00e1 vyzera\u0165 \u00fachvatne na \u010dervenom koberci.<\/p>\r\n\r\n\r\n\r\n<p>Gwyneth Paltrow vytvorila jeden z najnezabudnute\u013enej\u0161\u00edch momentov v hist\u00f3rii m\u00f3dy, ke\u010f sa v roku 1996 objavila na \u010dervenom koberci v intenz\u00edvnom \u010dervenom kost\u00fdme od Toma Forda pre Gucci. Odv\u00e1\u017eny styling nielen\u017ee dokonale zv\u00fdraznil jej sebavedomie, ale stal sa symbolom 90. rokov, redefinuj\u00fac \u017eensk\u00fa silu na \u010dervenom koberci. V roku 2021 Paltrow reinterpretovala t\u00fato ikonick\u00fa kre\u00e1ciu, ke\u010f si obliekla aktualizovan\u00fa verziu kost\u00fdmu na podujat\u00ed Gucci Love Parade, \u010d\u00edm dok\u00e1zala, \u017ee klasika m\u00f4\u017ee z\u00edska\u0165 nov\u00fd \u017eivot a nestrati\u0165 svoju relevantnos\u0165. T\u00e1to reinterpret\u00e1cia sa stala poctou k 100. v\u00fdro\u010diu m\u00f3dneho domu Gucci.<\/p>\r\n\r\n\r\n\r\n<p>Na oscarovej cerem\u00f3nii v roku 2011 ohromila Jennifer Lawrence v\u0161etk\u00fdch t\u00fdm, \u017ee sa objavila v \u010dervenej r\u00f3be od Calvina Kleina. Jednoduch\u00e1, ale mimoriadne v\u00fdrazn\u00e1 kre\u00e1cia dokonale zd\u00f4raznila postavu mladej here\u010dky, zapadaj\u00fac do klasick\u00e9ho \u0161t\u00fdlu minimalistickej elegancie. \u010cerven\u00e1, ktor\u00e1 zdobila Lawrence, bola intenz\u00edvna a v\u00fdrazn\u00e1, v\u010faka \u010domu sa r\u00f3ba dokonale hodila na \u010derven\u00fd koberec. Tento odv\u00e1\u017eny, no z\u00e1rove\u0148 jemn\u00fd pr\u00edstup k m\u00f3de uk\u00e1zal, \u017ee niekedy je menej viac, a Jennifer Lawrence dok\u00e1zala, \u017ee v jednoduchosti sa skr\u00fdva ve\u013ek\u00e1 sila. Jej kre\u00e1cia sa stala jedn\u00fdm z najpam\u00e4tnej\u0161\u00edch momentov v hist\u00f3rii Oscarov.<\/p>\r\n\r\n\r\n\r\n<p>Billy Porter, zn\u00e1my svoj\u00edm odv\u00e1\u017enym pr\u00edstupom k m\u00f3de, sa na galave\u010deri Peabody Awards 2023 objavil v \u00fachvatnej \u010dervenej kre\u00e1cii od Celestino Couture. Jeho v\u00fdber nebol len m\u00f3dnym manifestom, ale aj prejavom odvahy, ktor\u00e1 definuje jeho \u0161t\u00fdl na \u010dervenom koberci u\u017e roky. R\u00f3ba, vyroben\u00e1 z hodv\u00e1bu a zdoben\u00e1 \u010dipkov\u00fdmi detailmi, bola symbolickou poctou l\u00e1ske a sile, ktor\u00e9 \u010derven\u00e1 nesie. Porter nielen\u017ee oslavuje m\u00f3du, ale aj premie\u0148a ju na formu osobn\u00e9ho prejavu, ukazuj\u00fac, \u017ee \u010derven\u00e1 nie je len farba, ale aj hlb\u0161ie posolstvo v\u00e1\u0161ne a autenticity.<\/p>\r\n\r\n\r\n\r\n<p>Nemo\u017eno prehliadnu\u0165 Rihannu, ktor\u00e1 up\u00fatala pozornos\u0165 na Grammy v roku 2013 v priliehavej \u010dervenej \u0161if\u00f3novej r\u00f3be od Azzedine Ala\u00efa. Jej styling bol \u0161iroko medializovan\u00fd a \u010derven\u00e1 r\u00f3ba dokonale zv\u00fdraznila jej postavu, sp\u00e1jaj\u00fac klasick\u00fa eleganciu s modern\u00fdm v\u00fdrazom.<\/p>\r\n\r\n\r\n\r\n<p><strong>\u010cerven\u00e1 na \u010dervenom koberci je symbolom moci, sebavedomia a nezabudnute\u013en\u00e9ho \u0161t\u00fdlu. Ka\u017ed\u00e1 z t\u00fdchto kre\u00e1ci\u00ed sa zap\u00edsala do hist\u00f3rie m\u00f3dy a dok\u00e1zala, \u017ee \u010derven\u00e1 je farba, ktor\u00e1 v\u017edy urob\u00ed dojem.<\/strong><\/p>\r\n\r\n\r\n\r\n<p>Je to farba, ktor\u00e1 nielen\u017ee pri\u0165ahuje poh\u013eady, ale vyvol\u00e1va em\u00f3cie \u2013 od obdivu po \u00fa\u017eas. \u010cerven\u00e1 m\u00f4\u017ee vyvol\u00e1va\u0165 asoci\u00e1cie s v\u00e1\u0161\u0148ou, silou a odvahou, zd\u00f4raz\u0148uj\u00fac individualitu ka\u017edej osoby, ktor\u00e1 si tento odtie\u0148 vyberie. Na \u010dervenom koberci nem\u00e1 \u010derven\u00e1 \u017eiadnu konkurenciu, preto\u017ee je to farba, ktor\u00e1 dok\u00e1\u017ee z akejko\u013evek kre\u00e1cie urobi\u0165 skuto\u010dn\u00e9 umeleck\u00e9 dielo.<\/p>\r\n\r\n\r\n\r\n<div class=\"wp-block-buttons is-content-justification-center is-layout-flex wp-container-core-buttons-is-layout-1 wp-block-buttons-is-layout-flex\">\r\n<div class=\"wp-block-button\"><a class=\"wp-block-button__link wp-element-button\" href=\"https:\/\/answear.sk\/s\/red-selection\/\">Zvo\u013ete si aj vy \u010derven\u00fa farbu!<\/a><\/div>\r\n<\/div>\r\n\r\n\r\n\r\n<p class=\"kropka\">Preto ke\u010f celebrity volia \u010derven\u00fa, volia viac ne\u017e len kr\u00e1su \u2013 vytv\u00e1raj\u00fa pr\u00edbeh, ktor\u00fd si v\u0161etci zapam\u00e4taj\u00fa.<\/p>\r\n\r\n\r\n\r\n<p>Ilustr\u00e1cia: Ola Szmida<\/p>\r\n","protected":false},"excerpt":{"rendered":"<p><span class=\"rt-reading-time\" style=\"display: block;\"><span class=\"rt-label rt-prefix\">\u010c\u00edtanie na <\/span> <span class=\"rt-time\">3<\/span> <span class=\"rt-label rt-postfix\">min\u00faty<\/span><\/span> \u010cerven\u00fd koberec nie je len miestom, kde sa prech\u00e1dzaj\u00fa celebrity \u2013 je to miesto, kde sa rodia ikony v \u017eiare reflektorov.<\/p>\n","protected":false},"author":37,"featured_media":23540,"comment_status":"closed","ping_status":"closed","sticky":false,"template":"","format":"standard","meta":{"footnotes":""},"categories":[918],"tags":[],"yoast_head":"<!-- This site is optimized with the Yoast SEO plugin v22.2 - https:\/\/yoast.com\/wordpress\/plugins\/seo\/ -->\n<title>\u010caro \u010dervenej: Ikony m\u00f3dy na \u010dervenom koberci - answear.sk blog<\/title>\n<meta name=\"description\" content=\"\u010cerven\u00fd koberec nie je len miestom, kde sa prech\u00e1dzaj\u00fa celebrity \u2013 je to miesto, kde sa rodia ikony v \u017eiare reflektorov. \u010cerven\u00e9 kre\u00e1cie, ktor\u00e9 si z\u00edskali\" \/>\n<meta name=\"robots\" content=\"index, follow, max-snippet:-1, max-image-preview:large, max-video-preview:-1\" \/>\n<link rel=\"canonical\" href=\"https:\/\/answear.sk\/blog\/caro-cervenej-ikony-mody-na-cervenom-koberci\/23539\" \/>\n<meta property=\"og:locale\" content=\"sk_SK\" \/>\n<meta property=\"og:type\" content=\"article\" \/>\n<meta property=\"og:title\" content=\"\u010caro \u010dervenej: Ikony m\u00f3dy na \u010dervenom koberci - answear.sk blog\" \/>\n<meta property=\"og:description\" content=\"\u010cerven\u00fd koberec nie je len miestom, kde sa prech\u00e1dzaj\u00fa celebrity \u2013 je to miesto, kde sa rodia ikony v \u017eiare reflektorov. \u010cerven\u00e9 kre\u00e1cie, ktor\u00e9 si z\u00edskali\" \/>\n<meta property=\"og:url\" content=\"https:\/\/answear.sk\/blog\/caro-cervenej-ikony-mody-na-cervenom-koberci\/23539\" \/>\n<meta property=\"og:site_name\" content=\"answear.sk blog\" \/>\n<meta property=\"article:published_time\" content=\"2024-10-07T11:40:50+00:00\" \/>\n<meta property=\"og:image\" content=\"https:\/\/answear.sk\/blog\/wp-content\/uploads\/2024\/10\/DYWAN_3.jpg\" \/>\n\t<meta property=\"og:image:width\" content=\"1688\" \/>\n\t<meta property=\"og:image:height\" content=\"680\" \/>\n\t<meta property=\"og:image:type\" content=\"image\/jpeg\" \/>\n<meta name=\"author\" content=\"Michaela\" \/>\n<meta name=\"twitter:card\" content=\"summary_large_image\" \/>\n<meta name=\"twitter:label1\" content=\"Autor\" \/>\n\t<meta name=\"twitter:data1\" content=\"Michaela\" \/>\n\t<meta name=\"twitter:label2\" content=\"Predpokladan\u00fd \u010das \u010d\u00edtania\" \/>\n\t<meta name=\"twitter:data2\" content=\"4 min\u00faty\" \/>\n<script type=\"application\/ld+json\" class=\"yoast-schema-graph\">{\"@context\":\"https:\/\/schema.org\",\"@graph\":[{\"@type\":\"WebPage\",\"@id\":\"https:\/\/answear.sk\/blog\/caro-cervenej-ikony-mody-na-cervenom-koberci\/23539\",\"url\":\"https:\/\/answear.sk\/blog\/caro-cervenej-ikony-mody-na-cervenom-koberci\/23539\",\"name\":\"\u010caro \u010dervenej: Ikony m\u00f3dy na \u010dervenom koberci - answear.sk blog\",\"isPartOf\":{\"@id\":\"https:\/\/answear.sk\/blog\/#website\"},\"primaryImageOfPage\":{\"@id\":\"https:\/\/answear.sk\/blog\/caro-cervenej-ikony-mody-na-cervenom-koberci\/23539#primaryimage\"},\"image\":{\"@id\":\"https:\/\/answear.sk\/blog\/caro-cervenej-ikony-mody-na-cervenom-koberci\/23539#primaryimage\"},\"thumbnailUrl\":\"https:\/\/answear.sk\/blog\/wp-content\/uploads\/2024\/10\/DYWAN_3.jpg\",\"datePublished\":\"2024-10-07T11:40:50+00:00\",\"dateModified\":\"2024-10-07T11:40:50+00:00\",\"author\":{\"@id\":\"https:\/\/answear.sk\/blog\/#\/schema\/person\/d74cf30355490c4f5593af0380ad73b8\"},\"description\":\"\u010cerven\u00fd koberec nie je len miestom, kde sa prech\u00e1dzaj\u00fa celebrity \u2013 je to miesto, kde sa rodia ikony v \u017eiare reflektorov. \u010cerven\u00e9 kre\u00e1cie, ktor\u00e9 si z\u00edskali\",\"breadcrumb\":{\"@id\":\"https:\/\/answear.sk\/blog\/caro-cervenej-ikony-mody-na-cervenom-koberci\/23539#breadcrumb\"},\"inLanguage\":\"sk-SK\",\"potentialAction\":[{\"@type\":\"ReadAction\",\"target\":[\"https:\/\/answear.sk\/blog\/caro-cervenej-ikony-mody-na-cervenom-koberci\/23539\"]}]},{\"@type\":\"ImageObject\",\"inLanguage\":\"sk-SK\",\"@id\":\"https:\/\/answear.sk\/blog\/caro-cervenej-ikony-mody-na-cervenom-koberci\/23539#primaryimage\",\"url\":\"https:\/\/answear.sk\/blog\/wp-content\/uploads\/2024\/10\/DYWAN_3.jpg\",\"contentUrl\":\"https:\/\/answear.sk\/blog\/wp-content\/uploads\/2024\/10\/DYWAN_3.jpg\",\"width\":1688,\"height\":680},{\"@type\":\"BreadcrumbList\",\"@id\":\"https:\/\/answear.sk\/blog\/caro-cervenej-ikony-mody-na-cervenom-koberci\/23539#breadcrumb\",\"itemListElement\":[{\"@type\":\"ListItem\",\"position\":1,\"name\":\"Domovsk\u00e1 str\u00e1nka\",\"item\":\"https:\/\/answear.sk\/blog\/\"},{\"@type\":\"ListItem\",\"position\":2,\"name\":\"\u010caro \u010dervenej: Ikony m\u00f3dy na \u010dervenom koberci\"}]},{\"@type\":\"WebSite\",\"@id\":\"https:\/\/answear.sk\/blog\/#website\",\"url\":\"https:\/\/answear.sk\/blog\/\",\"name\":\"answear.sk blog\",\"description\":\"M\u00f3da, trendy, rady a tipy od stylistov, novinky zo sveta m\u00f3dy. We know the ANSWEAR ;-)\",\"potentialAction\":[{\"@type\":\"SearchAction\",\"target\":{\"@type\":\"EntryPoint\",\"urlTemplate\":\"https:\/\/answear.sk\/blog\/?s={search_term_string}\"},\"query-input\":\"required name=search_term_string\"}],\"inLanguage\":\"sk-SK\"},{\"@type\":\"Person\",\"@id\":\"https:\/\/answear.sk\/blog\/#\/schema\/person\/d74cf30355490c4f5593af0380ad73b8\",\"name\":\"Michaela\",\"image\":{\"@type\":\"ImageObject\",\"inLanguage\":\"sk-SK\",\"@id\":\"https:\/\/answear.sk\/blog\/#\/schema\/person\/image\/\",\"url\":\"https:\/\/secure.gravatar.com\/avatar\/18f0c4fbe526d147f1b3894de0ce040d?s=96&d=mm&r=g\",\"contentUrl\":\"https:\/\/secure.gravatar.com\/avatar\/18f0c4fbe526d147f1b3894de0ce040d?s=96&d=mm&r=g\",\"caption\":\"Michaela\"},\"url\":\"https:\/\/answear.sk\/blog\/author\/michaela\"}]}<\/script>\n<!-- \/ Yoast SEO plugin. -->","yoast_head_json":{"title":"\u010caro \u010dervenej: Ikony m\u00f3dy na \u010dervenom koberci - answear.sk blog","description":"\u010cerven\u00fd koberec nie je len miestom, kde sa prech\u00e1dzaj\u00fa celebrity \u2013 je to miesto, kde sa rodia ikony v \u017eiare reflektorov. \u010cerven\u00e9 kre\u00e1cie, ktor\u00e9 si z\u00edskali","robots":{"index":"index","follow":"follow","max-snippet":"max-snippet:-1","max-image-preview":"max-image-preview:large","max-video-preview":"max-video-preview:-1"},"canonical":"https:\/\/answear.sk\/blog\/caro-cervenej-ikony-mody-na-cervenom-koberci\/23539","og_locale":"sk_SK","og_type":"article","og_title":"\u010caro \u010dervenej: Ikony m\u00f3dy na \u010dervenom koberci - answear.sk blog","og_description":"\u010cerven\u00fd koberec nie je len miestom, kde sa prech\u00e1dzaj\u00fa celebrity \u2013 je to miesto, kde sa rodia ikony v \u017eiare reflektorov. \u010cerven\u00e9 kre\u00e1cie, ktor\u00e9 si z\u00edskali","og_url":"https:\/\/answear.sk\/blog\/caro-cervenej-ikony-mody-na-cervenom-koberci\/23539","og_site_name":"answear.sk blog","article_published_time":"2024-10-07T11:40:50+00:00","og_image":[{"width":1688,"height":680,"url":"https:\/\/answear.sk\/blog\/wp-content\/uploads\/2024\/10\/DYWAN_3.jpg","type":"image\/jpeg"}],"author":"Michaela","twitter_card":"summary_large_image","twitter_misc":{"Autor":"Michaela","Predpokladan\u00fd \u010das \u010d\u00edtania":"4 min\u00faty"},"schema":{"@context":"https:\/\/schema.org","@graph":[{"@type":"WebPage","@id":"https:\/\/answear.sk\/blog\/caro-cervenej-ikony-mody-na-cervenom-koberci\/23539","url":"https:\/\/answear.sk\/blog\/caro-cervenej-ikony-mody-na-cervenom-koberci\/23539","name":"\u010caro \u010dervenej: Ikony m\u00f3dy na \u010dervenom koberci - answear.sk blog","isPartOf":{"@id":"https:\/\/answear.sk\/blog\/#website"},"primaryImageOfPage":{"@id":"https:\/\/answear.sk\/blog\/caro-cervenej-ikony-mody-na-cervenom-koberci\/23539#primaryimage"},"image":{"@id":"https:\/\/answear.sk\/blog\/caro-cervenej-ikony-mody-na-cervenom-koberci\/23539#primaryimage"},"thumbnailUrl":"https:\/\/answear.sk\/blog\/wp-content\/uploads\/2024\/10\/DYWAN_3.jpg","datePublished":"2024-10-07T11:40:50+00:00","dateModified":"2024-10-07T11:40:50+00:00","author":{"@id":"https:\/\/answear.sk\/blog\/#\/schema\/person\/d74cf30355490c4f5593af0380ad73b8"},"description":"\u010cerven\u00fd koberec nie je len miestom, kde sa prech\u00e1dzaj\u00fa celebrity \u2013 je to miesto, kde sa rodia ikony v \u017eiare reflektorov. \u010cerven\u00e9 kre\u00e1cie, ktor\u00e9 si z\u00edskali","breadcrumb":{"@id":"https:\/\/answear.sk\/blog\/caro-cervenej-ikony-mody-na-cervenom-koberci\/23539#breadcrumb"},"inLanguage":"sk-SK","potentialAction":[{"@type":"ReadAction","target":["https:\/\/answear.sk\/blog\/caro-cervenej-ikony-mody-na-cervenom-koberci\/23539"]}]},{"@type":"ImageObject","inLanguage":"sk-SK","@id":"https:\/\/answear.sk\/blog\/caro-cervenej-ikony-mody-na-cervenom-koberci\/23539#primaryimage","url":"https:\/\/answear.sk\/blog\/wp-content\/uploads\/2024\/10\/DYWAN_3.jpg","contentUrl":"https:\/\/answear.sk\/blog\/wp-content\/uploads\/2024\/10\/DYWAN_3.jpg","width":1688,"height":680},{"@type":"BreadcrumbList","@id":"https:\/\/answear.sk\/blog\/caro-cervenej-ikony-mody-na-cervenom-koberci\/23539#breadcrumb","itemListElement":[{"@type":"ListItem","position":1,"name":"Domovsk\u00e1 str\u00e1nka","item":"https:\/\/answear.sk\/blog\/"},{"@type":"ListItem","position":2,"name":"\u010caro \u010dervenej: Ikony m\u00f3dy na \u010dervenom koberci"}]},{"@type":"WebSite","@id":"https:\/\/answear.sk\/blog\/#website","url":"https:\/\/answear.sk\/blog\/","name":"answear.sk blog","description":"M\u00f3da, trendy, rady a tipy od stylistov, novinky zo sveta m\u00f3dy. We know the ANSWEAR ;-)","potentialAction":[{"@type":"SearchAction","target":{"@type":"EntryPoint","urlTemplate":"https:\/\/answear.sk\/blog\/?s={search_term_string}"},"query-input":"required name=search_term_string"}],"inLanguage":"sk-SK"},{"@type":"Person","@id":"https:\/\/answear.sk\/blog\/#\/schema\/person\/d74cf30355490c4f5593af0380ad73b8","name":"Michaela","image":{"@type":"ImageObject","inLanguage":"sk-SK","@id":"https:\/\/answear.sk\/blog\/#\/schema\/person\/image\/","url":"https:\/\/secure.gravatar.com\/avatar\/18f0c4fbe526d147f1b3894de0ce040d?s=96&d=mm&r=g","contentUrl":"https:\/\/secure.gravatar.com\/avatar\/18f0c4fbe526d147f1b3894de0ce040d?s=96&d=mm&r=g","caption":"Michaela"},"url":"https:\/\/answear.sk\/blog\/author\/michaela"}]}},"_links":{"self":[{"href":"https:\/\/answear.sk\/blog\/wp-json\/wp\/v2\/posts\/23539"}],"collection":[{"href":"https:\/\/answear.sk\/blog\/wp-json\/wp\/v2\/posts"}],"about":[{"href":"https:\/\/answear.sk\/blog\/wp-json\/wp\/v2\/types\/post"}],"author":[{"embeddable":true,"href":"https:\/\/answear.sk\/blog\/wp-json\/wp\/v2\/users\/37"}],"replies":[{"embeddable":true,"href":"https:\/\/answear.sk\/blog\/wp-json\/wp\/v2\/comments?post=23539"}],"version-history":[{"count":4,"href":"https:\/\/answear.sk\/blog\/wp-json\/wp\/v2\/posts\/23539\/revisions"}],"predecessor-version":[{"id":23544,"href":"https:\/\/answear.sk\/blog\/wp-json\/wp\/v2\/posts\/23539\/revisions\/23544"}],"wp:featuredmedia":[{"embeddable":true,"href":"https:\/\/answear.sk\/blog\/wp-json\/wp\/v2\/media\/23540"}],"wp:attachment":[{"href":"https:\/\/answear.sk\/blog\/wp-json\/wp\/v2\/media?parent=23539"}],"wp:term":[{"taxonomy":"category","embeddable":true,"href":"https:\/\/answear.sk\/blog\/wp-json\/wp\/v2\/categories?post=23539"},{"taxonomy":"post_tag","embeddable":true,"href":"https:\/\/answear.sk\/blog\/wp-json\/wp\/v2\/tags?post=23539"}],"curies":[{"name":"wp","href":"https:\/\/api.w.org\/{rel}","templated":true}]}}