{"id":23914,"date":"2025-03-12T21:17:29","date_gmt":"2025-03-12T20:17:29","guid":{"rendered":"https:\/\/answear.sk\/blog\/?p=23914"},"modified":"2025-03-12T21:17:29","modified_gmt":"2025-03-12T20:17:29","slug":"moda-jar-2025-stylove-predpovede-na-nadchadzajucu-sezonu","status":"publish","type":"post","link":"https:\/\/answear.sk\/blog\/moda-jar-2025-stylove-predpovede-na-nadchadzajucu-sezonu\/23914","title":{"rendered":"M\u00f3da \u2013 jar 2025. \u0160t\u00fdlov\u00e9 predpovede na nadch\u00e1dzaj\u00facu sez\u00f3nu"},"content":{"rendered":"<span class=\"rt-reading-time\" style=\"display: block;\"><span class=\"rt-label rt-prefix\">\u010c\u00edtanie na <\/span> <span class=\"rt-time\">4<\/span> <span class=\"rt-label rt-postfix\">min\u00faty<\/span><\/span>\r\n<p><strong>M\u00f3da n\u00e1s v\u017edy predbehne o krok. Uzn\u00e1van\u00ed n\u00e1vrh\u00e1ri vytv\u00e1raj\u00fa trendy na nasleduj\u00face sez\u00f3ny e\u0161te pred t\u00fdm, ne\u017e skuto\u010dne pr\u00eddu, predstavuj\u00fa plody svojej pr\u00e1ce na t\u00fd\u017ed\u0148och m\u00f3dy. \u010co bude &#8222;IN&#8220; vtedy, ke\u010f zima skon\u010d\u00ed? \u010c\u00edm sa m\u00f3da \u010doskoro bude vyzna\u010dova\u0165? Jarn\u00e1 sez\u00f3na 2025 o\u010dar\u00ed svojou rozmanitos\u0165ou. Zistite s nami, ako sa na \u0148u pripravi\u0165.<\/strong><\/p>\r\n\r\n\r\n\r\n<p><!--more--><\/p>\r\n\r\n\r\n\r\n<h2 class=\"wp-block-heading\">M\u00f3da na jar 2025<\/h2>\r\n\r\n\r\n\r\n<p class=\"bigletter\">Nikoho by nemalo prekvapi\u0165 n\u00e1vrat pastelov\u00fdch farieb, ktor\u00e9 s\u00fa ka\u017ed\u00fd rok neoddelite\u013enou s\u00fa\u010das\u0165ou jarn\u00fdch outfitov. Aquarelov\u00e9 odtiene citr\u00f3novej \u017eltej, bledozelenej alebo modrej skvele uk\u00e1\u017eu na vo\u013en\u00fdch d\u00e1mskych \u0161at\u00e1ch. V svojej skrini tie\u017e urobte miesto na oble\u010denie v bledoru\u017eovej farbe. Ide\u00e1lne sa uplatn\u00ed v romantickom \u0161t\u00fdle s prieh\u013eadn\u00fdmi ko\u0161elami a midi suk\u0148ami.<\/p>\r\n\r\n\r\n\r\n<p>Pokia\u013e ide o vzory, oplat\u00ed sa zamera\u0165 sa najm\u00e4 na retro \u0161t\u00fdl. &#8222;Babi\u010dkine&#8220; vzory nie s\u00fa len kvety, ale aj fantasijn\u00e9 geometrick\u00e9 ozdoby. H\u013eadajte ich napr\u00edklad na ko\u0161e\u013eiach so \u0161n\u00farkou v p\u00e1se a pleten\u00fdch vest\u00e1ch.<\/p>\r\n\r\n\r\n\r\n<p>Popul\u00e1rnym trendom bud\u00fa aj vrstven\u00e9 outfity. \u010c\u00edm viac k\u00faskov sa v\u00e1m podar\u00ed spoji\u0165, t\u00fdm lep\u0161ie. Siahajte po zauj\u00edmav\u00fdch kombin\u00e1ci\u00e1ch oble\u010denia a v\u00e1\u0161 outfit ur\u010dite pril\u00e1ka pozornos\u0165. Tak\u00fdto vrstven\u00fd outfit bude skvel\u00fdm rie\u0161en\u00edm najm\u00e4 v prechodnom obdob\u00ed. Ke\u010f sa teplota v\u00fdrazne zv\u00fd\u0161i, siahnite po ten\u0161\u00edch materi\u00e1loch. \u013danov\u00e9 sak\u00e1, popel\u00ednov\u00e9 \u0161aty, bavlnen\u00e9 kardigany a oversized tren\u010dkoty bud\u00fa \u00fa\u017easn\u00e9.<\/p>\r\n\r\n\r\n\r\n<figure class=\"wp-block-gallery has-nested-images columns-default is-cropped wp-block-gallery-1 is-layout-flex wp-block-gallery-is-layout-flex\">\r\n<figure class=\"wp-block-image size-large\"><img loading=\"lazy\" decoding=\"async\" width=\"695\" height=\"695\" data-id=\"23917\" class=\"wp-image-23917\" src=\"https:\/\/answear.sk\/blog\/wp-content\/uploads\/2025\/03\/1080x1080_02-695x695.jpg\" alt=\"\" srcset=\"https:\/\/answear.sk\/blog\/wp-content\/uploads\/2025\/03\/1080x1080_02-695x695.jpg 695w, https:\/\/answear.sk\/blog\/wp-content\/uploads\/2025\/03\/1080x1080_02-768x768.jpg 768w, https:\/\/answear.sk\/blog\/wp-content\/uploads\/2025\/03\/1080x1080_02-45x45.jpg 45w, https:\/\/answear.sk\/blog\/wp-content\/uploads\/2025\/03\/1080x1080_02.jpg 1080w\" sizes=\"(max-width: 695px) 100vw, 695px\" \/><\/figure>\r\n<\/figure>\r\n\r\n\r\n\r\n<h2 class=\"wp-block-heading\">\u010co bude trendy v roku 2025?<\/h2>\r\n\r\n\r\n\r\n<p>Najnov\u0161ie progn\u00f3zy \u010co by nemalo ch\u00fdba\u0165 v \u017eenskom \u0161atn\u00edku v nadch\u00e1dzaj\u00facej sez\u00f3ne? Jar 2025 bude ovl\u00e1dan\u00e1 topmi na ramienka. Tento priliehav\u00fd typ tielok s ramienkami m\u00f4\u017eete vyu\u017ei\u0165 nielen v ka\u017edodenn\u00fdch, ale aj elegantn\u00fdch outfitoch. Vyberte si top s efektn\u00fdm zdoben\u00edm a vytvorte s n\u00edm aj ohromuj\u00faci ve\u010dern\u00fd look.<\/p>\r\n\r\n\r\n\r\n<p>Nemennou s\u00fa\u010das\u0165ou jari je ob\u013e\u00faben\u00fd oversized tren\u010dkot mnoh\u00fdch \u017eien. Tak\u00fdto vrchn\u00fd k\u00fasok bude skvel\u00fdm doplnkom mnoh\u00fdch va\u0161ich outfitov &#8211; od elegantn\u00fdch po ka\u017edodenn\u00e9. Vyberte si tenk\u00fd kab\u00e1tik vo farb\u00e1ch zeme &#8211; trochu &#8222;za\u0161pinen\u00fd&#8220; a spojen\u00fd so \u0161t\u00fdlom safari. Ak v\u0161ak h\u013ead\u00e1te zauj\u00edmavej\u0161iu alternat\u00edvu, hor\u00face trendy ovl\u00e1dne bunda v retro \u0161t\u00fdle. Jej \u0161portov\u00fd strih ide\u00e1lne splynie s casual kombin\u00e1ciami, ale zlom\u00ed aj elegantn\u00fd charakter s p\u00fazdrovou suk\u0148ou.<\/p>\r\n\r\n\r\n\r\n<figure class=\"wp-block-gallery has-nested-images columns-default is-cropped wp-block-gallery-2 is-layout-flex wp-block-gallery-is-layout-flex\">\r\n<figure class=\"wp-block-image size-large\"><img loading=\"lazy\" decoding=\"async\" width=\"463\" height=\"695\" data-id=\"23918\" class=\"wp-image-23918\" src=\"https:\/\/answear.sk\/blog\/wp-content\/uploads\/2025\/03\/SS25-KPD03G-81X_F1-463x695.webp\" alt=\"\" srcset=\"https:\/\/answear.sk\/blog\/wp-content\/uploads\/2025\/03\/SS25-KPD03G-81X_F1-463x695.webp 463w, https:\/\/answear.sk\/blog\/wp-content\/uploads\/2025\/03\/SS25-KPD03G-81X_F1-768x1152.webp 768w, https:\/\/answear.sk\/blog\/wp-content\/uploads\/2025\/03\/SS25-KPD03G-81X_F1-1024x1536.webp 1024w, https:\/\/answear.sk\/blog\/wp-content\/uploads\/2025\/03\/SS25-KPD03G-81X_F1.webp 1084w\" sizes=\"(max-width: 463px) 100vw, 463px\" \/><\/figure>\r\n\r\n\r\n\r\n<figure class=\"wp-block-image size-large\"><img loading=\"lazy\" decoding=\"async\" width=\"461\" height=\"695\" data-id=\"23919\" class=\"wp-image-23919\" src=\"https:\/\/answear.sk\/blog\/wp-content\/uploads\/2025\/03\/WW25-KPD01L-01X_F1-461x695.webp\" alt=\"\" srcset=\"https:\/\/answear.sk\/blog\/wp-content\/uploads\/2025\/03\/WW25-KPD01L-01X_F1-461x695.webp 461w, https:\/\/answear.sk\/blog\/wp-content\/uploads\/2025\/03\/WW25-KPD01L-01X_F1-768x1159.webp 768w, https:\/\/answear.sk\/blog\/wp-content\/uploads\/2025\/03\/WW25-KPD01L-01X_F1.webp 855w\" sizes=\"(max-width: 461px) 100vw, 461px\" \/><\/figure>\r\n\r\n\r\n\r\n<figure class=\"wp-block-image size-large\"><img loading=\"lazy\" decoding=\"async\" width=\"463\" height=\"695\" data-id=\"23920\" class=\"wp-image-23920\" src=\"https:\/\/answear.sk\/blog\/wp-content\/uploads\/2025\/03\/WW25-KPD022-82X_F2-463x695.webp\" alt=\"\" srcset=\"https:\/\/answear.sk\/blog\/wp-content\/uploads\/2025\/03\/WW25-KPD022-82X_F2-463x695.webp 463w, https:\/\/answear.sk\/blog\/wp-content\/uploads\/2025\/03\/WW25-KPD022-82X_F2-768x1152.webp 768w, https:\/\/answear.sk\/blog\/wp-content\/uploads\/2025\/03\/WW25-KPD022-82X_F2-1024x1536.webp 1024w, https:\/\/answear.sk\/blog\/wp-content\/uploads\/2025\/03\/WW25-KPD022-82X_F2.webp 1084w\" sizes=\"(max-width: 463px) 100vw, 463px\" \/><\/figure>\r\n<\/figure>\r\n\r\n\r\n\r\n<p>&nbsp;<\/p>\r\n\r\n\r\n\r\n<div class=\"wp-block-buttons is-content-justification-center is-layout-flex wp-container-core-buttons-is-layout-1 wp-block-buttons-is-layout-flex\">\r\n<div class=\"wp-block-button\"><a class=\"wp-block-button__link wp-element-button\" href=\"https:\/\/answear.sk\/k\/ona\/oblecenie\/kabaty?vlastnos%C5%A5=Strih.tren%C4%8Dkot\">Tren\u010dkoty presne pre v\u00e1s<\/a><\/div>\r\n<\/div>\r\n\r\n\r\n\r\n<p>Na jar 2025 si ob\u013e\u00fabite aj ru\u017eov\u00e9 mini \u0161aty. M\u00f4\u017eete si vybra\u0165 model vo va\u0161om ob\u013e\u00fabenom strihu, ale venujte pozornos\u0165 aj ich materi\u00e1lu. \u017dak\u00e1rov\u00e1 ponuka v odtieni ru\u017eovej sa uk\u00e1\u017ee ako skvel\u00e1 kre\u00e1cia napr\u00edklad na rande s va\u0161ou druhou polovi\u010dkou. M\u00f4\u017eete ich skombinova\u0165 aj s rovnako modern\u00fdm siv\u00fdm dvojriadkov\u00fdm sakom.<\/p>\r\n\r\n\r\n\r\n<figure class=\"wp-block-gallery has-nested-images columns-default is-cropped wp-block-gallery-3 is-layout-flex wp-block-gallery-is-layout-flex\">\r\n<figure class=\"wp-block-image size-large\"><img loading=\"lazy\" decoding=\"async\" width=\"461\" height=\"695\" data-id=\"23922\" class=\"wp-image-23922\" src=\"https:\/\/answear.sk\/blog\/wp-content\/uploads\/2025\/03\/WW24-SDD03P-01X_F2-461x695.jpg\" alt=\"\" srcset=\"https:\/\/answear.sk\/blog\/wp-content\/uploads\/2025\/03\/WW24-SDD03P-01X_F2-461x695.jpg 461w, https:\/\/answear.sk\/blog\/wp-content\/uploads\/2025\/03\/WW24-SDD03P-01X_F2-768x1159.jpg 768w, https:\/\/answear.sk\/blog\/wp-content\/uploads\/2025\/03\/WW24-SDD03P-01X_F2.jpg 855w\" sizes=\"(max-width: 461px) 100vw, 461px\" \/><\/figure>\r\n\r\n\r\n\r\n<figure class=\"wp-block-image size-large\"><img loading=\"lazy\" decoding=\"async\" width=\"461\" height=\"695\" data-id=\"23923\" class=\"wp-image-23923\" src=\"https:\/\/answear.sk\/blog\/wp-content\/uploads\/2025\/03\/WW24-SDD04W-99X_F2-461x695.jpg\" alt=\"\" srcset=\"https:\/\/answear.sk\/blog\/wp-content\/uploads\/2025\/03\/WW24-SDD04W-99X_F2-461x695.jpg 461w, https:\/\/answear.sk\/blog\/wp-content\/uploads\/2025\/03\/WW24-SDD04W-99X_F2-768x1159.jpg 768w, https:\/\/answear.sk\/blog\/wp-content\/uploads\/2025\/03\/WW24-SDD04W-99X_F2.jpg 855w\" sizes=\"(max-width: 461px) 100vw, 461px\" \/><\/figure>\r\n\r\n\r\n\r\n<figure class=\"wp-block-image size-large\"><img loading=\"lazy\" decoding=\"async\" width=\"463\" height=\"695\" data-id=\"23924\" class=\"wp-image-23924\" src=\"https:\/\/answear.sk\/blog\/wp-content\/uploads\/2025\/03\/WW25-SDD01R-SLV_F2-463x695.webp\" alt=\"\" srcset=\"https:\/\/answear.sk\/blog\/wp-content\/uploads\/2025\/03\/WW25-SDD01R-SLV_F2-463x695.webp 463w, https:\/\/answear.sk\/blog\/wp-content\/uploads\/2025\/03\/WW25-SDD01R-SLV_F2-768x1152.webp 768w, https:\/\/answear.sk\/blog\/wp-content\/uploads\/2025\/03\/WW25-SDD01R-SLV_F2-1024x1536.webp 1024w, https:\/\/answear.sk\/blog\/wp-content\/uploads\/2025\/03\/WW25-SDD01R-SLV_F2.webp 1084w\" sizes=\"(max-width: 463px) 100vw, 463px\" \/><\/figure>\r\n<\/figure>\r\n\r\n\r\n\r\n<p>&nbsp;<\/p>\r\n\r\n\r\n\r\n<div class=\"wp-block-buttons is-content-justification-center is-layout-flex wp-container-core-buttons-is-layout-2 wp-block-buttons-is-layout-flex\">\r\n<div class=\"wp-block-button\"><a class=\"wp-block-button__link has-text-align-center wp-element-button\" href=\"https:\/\/answear.sk\/k\/ona\/oblecenie\/sukne\">Vyberte si suk\u0148u pod\u013ea v\u00e1\u0161ho \u0161t\u00fdlu<\/a><\/div>\r\n<\/div>\r\n\r\n\r\n\r\n<h2 class=\"wp-block-heading\">\u010co netypick\u00e9 bude na v\u00fdsln\u00ed?<\/h2>\r\n\r\n\r\n\r\n<p>Medzi trendy na jar 2025 patr\u00ed mnoho nezvy\u010dajn\u00fdch trendov. Bud\u00fa ocenen\u00e9 najm\u00e4 \u013eu\u010fmi, ktor\u00ed sa radi ukazuj\u00fa a zvy\u010dajne siahaj\u00fa po odv\u00e1\u017enych k\u00faskoch oble\u010denia. Ak sa neboj\u00edte pritiahnu\u0165 zvedav\u00e9 poh\u013eady, vybavte sa nohavicami na jednu nohu. Ide o jednu z divn\u00fdch\u0161\u00edch mo\u017enost\u00ed, ktor\u00e1 o\u017eiv\u00ed va\u0161e outfity.<\/p>\r\n\r\n\r\n\r\n<p>\u010eal\u0161\u00edm nezvy\u010dajn\u00fdm prvkom m\u00f3dnych outfitov na jar 2025 bud\u00fa korzetov\u00e9 top\u00e1nky. Charakterizuje ich dos\u0165 skromn\u00fd vrch, ktor\u00fd m\u00f4\u017ee \u010diasto\u010dne odkry\u0165 prsty na noh\u00e1ch. \u0160nurovacie top\u00e1nky s mal\u00fdm podp\u00e4tkom alebo ploch\u00e9 baler\u00ednky m\u00f4\u017eete nosi\u0165 k nohaviciam z imit\u00e1cie ko\u017ee, vo\u013en\u00fdm suk\u0148\u00e1m s vol\u00e1nmi alebo k \u0161at\u00e1m.<\/p>\r\n\r\n\r\n\r\n<p>Zasl\u00fa\u017eia si tie\u017e pozornos\u0165 tenisky s nezvy\u010dajne vysok\u00fdm zvr\u0161kom. Biele top\u00e1nky in\u0161pirovan\u00e9 boxersk\u00fdmi modelmi maj\u00fa retro n\u00e1dych a m\u00f4\u017eu siaha\u0165 a\u017e po polovicu l\u00fdtok. Toto neobvykl\u00e9 spojenie top\u00e1nok a \u0161portovej obuvi pripom\u00edna tenisky. Ich r\u00f4zne modely n\u00e1jdete napr\u00edklad v ponuk\u00e1ch zna\u010dky adidas.<\/p>\r\n\r\n\r\n\r\n<h2 class=\"wp-block-heading\">\u010co je teraz trendy &#8211; ako sp\u00e1ja\u0165 trendy s jarou 2025?<\/h2>\r\n\r\n\r\n\r\n<p>Z m\u00f3dy nezmizne farba khaki, duo biela s \u010diernou, \u0161t\u00fdl boho chic alebo kr\u00e1tka suk\u0148a, ktor\u00e9 s\u00fa s\u00fa\u010das\u0165ou s\u00fa\u010dasn\u00fdch trendov. M\u00f4\u017eete sa teda s istotou pusti\u0165 do ich vyu\u017e\u00edvania v nadch\u00e1dzaj\u00facej jarnej sez\u00f3ne. Nemus\u00edte dop\u013a\u0148a\u0165 svoju skri\u0148u o \u010fal\u0161ie prvky, aby ste mohli vytv\u00e1ra\u0165 \u0161t\u00fdlov\u00e9 kombin\u00e1cie pod\u013ea m\u00f3dnych trendov na rok 2025.<\/p>\r\n\r\n\r\n\r\n<h2 class=\"wp-block-heading\">In\u0161pir\u00e1cie na jar 2025<\/h2>\r\n\r\n\r\n\r\n<p>Radu in\u0161pir\u00e1ci\u00ed n\u00e1jdete medzi projektmi predstaven\u00fdmi na najpopul\u00e1rnej\u0161\u00edch t\u00fd\u017ed\u0148och m\u00f3dy. V New Yorku na m\u00f3lach zn\u00e1mych pr\u00e9miov\u00fdch zna\u010diek o\u010darili biele \u201etotal looky\u201c. Mil\u00e1no zaujalo r\u00f4znymi odtie\u0148mi oran\u017eovej \u2013 od \u017eiariv\u00fdch ne\u00f3nov\u00fdch farieb a\u017e po tlmen\u00e9, zemit\u00e9 t\u00f3ny. V Lond\u00fdne dominovali okrem in\u00e9ho \u0161irok\u00e9 zaoblen\u00e9 ramen\u00e1. Na par\u00ed\u017eskych m\u00f3lach sa zas \u010dasto objavoval vzor s bodkami.<\/p>\r\n\r\n\r\n\r\n<div class=\"wp-block-buttons is-content-justification-center is-layout-flex wp-container-core-buttons-is-layout-3 wp-block-buttons-is-layout-flex\">\r\n<div class=\"wp-block-button\"><a class=\"wp-block-button__link has-text-align-center wp-element-button\" href=\"https:\/\/answear.sk\/c\/ona\">Vyberte si look ako z fashion m\u00f3la<\/a><\/div>\r\n<\/div>\r\n\r\n\r\n\r\n<p class=\"kropka\">M\u00f3da na jar 2025 o\u010daruje r\u00f4znorodos\u0165ou. M\u00f4\u017eete si vybra\u0165 z trendov, ktor\u00e9 s\u00fa najbli\u017e\u0161ie v\u00e1\u0161mu osobn\u00e9mu \u0161t\u00fdlu, a \u013eubovo\u013ene ich medzi sebou kombinova\u0165. Pastelov\u00e9 farby, \u201ebabi\u010dkovsk\u00e9\u201c vzory, boho chic, top\u00e1nky s netypick\u00fdm strihom, tielka, kr\u00e1tke \u0161aty a vetrovky s\u00fa prvky, s ktor\u00fdmi sa oplat\u00ed experimentova\u0165 ako medz prv\u00fdmi.<\/p>\r\n","protected":false},"excerpt":{"rendered":"<p><span class=\"rt-reading-time\" style=\"display: block;\"><span class=\"rt-label rt-prefix\">\u010c\u00edtanie na <\/span> <span class=\"rt-time\">4<\/span> <span class=\"rt-label rt-postfix\">min\u00faty<\/span><\/span> M\u00f3da n\u00e1s v\u017edy predbehne o krok. Uzn\u00e1van\u00ed n\u00e1vrh\u00e1ri vytv\u00e1raj\u00fa trendy na nasleduj\u00face sez\u00f3ny e\u0161te pred t\u00fdm, ne\u017e skuto\u010dne pr\u00eddu, predstavuj\u00fa plody svojej pr\u00e1ce na t\u00fd\u017ed\u0148och m\u00f3dy. \u010co bude &#8222;IN&#8220; vtedy, ke\u010f zima skon\u010d\u00ed? \u010c\u00edm sa m\u00f3da \u010doskoro bude vyzna\u010dova\u0165? Jarn\u00e1 sez\u00f3na 2025 o\u010dar\u00ed svojou rozmanitos\u0165ou. Zistite s nami, ako sa na \u0148u pripravi\u0165.<\/p>\n","protected":false},"author":37,"featured_media":23915,"comment_status":"closed","ping_status":"closed","sticky":false,"template":"","format":"standard","meta":{"footnotes":""},"categories":[676],"tags":[],"yoast_head":"<!-- This site is optimized with the Yoast SEO plugin v22.2 - https:\/\/yoast.com\/wordpress\/plugins\/seo\/ -->\n<title>M\u00f3da \u2013 jar 2025. \u0160t\u00fdlov\u00e9 predpovede na nadch\u00e1dzaj\u00facu sez\u00f3nu - answear.sk blog<\/title>\n<meta name=\"description\" content=\"M\u00f3da n\u00e1s v\u017edy predbehne o krok. Uzn\u00e1van\u00ed n\u00e1vrh\u00e1ri vytv\u00e1raj\u00fa trendy na nasleduj\u00face sez\u00f3ny e\u0161te pred t\u00fdm, ne\u017e skuto\u010dne pr\u00eddu, predstavuj\u00fa plody svojej pr\u00e1ce\" \/>\n<meta name=\"robots\" content=\"index, follow, max-snippet:-1, max-image-preview:large, max-video-preview:-1\" \/>\n<link rel=\"canonical\" href=\"https:\/\/answear.sk\/blog\/moda-jar-2025-stylove-predpovede-na-nadchadzajucu-sezonu\/23914\" \/>\n<meta property=\"og:locale\" content=\"sk_SK\" \/>\n<meta property=\"og:type\" content=\"article\" \/>\n<meta property=\"og:title\" content=\"M\u00f3da \u2013 jar 2025. \u0160t\u00fdlov\u00e9 predpovede na nadch\u00e1dzaj\u00facu sez\u00f3nu - answear.sk blog\" \/>\n<meta property=\"og:description\" content=\"M\u00f3da n\u00e1s v\u017edy predbehne o krok. Uzn\u00e1van\u00ed n\u00e1vrh\u00e1ri vytv\u00e1raj\u00fa trendy na nasleduj\u00face sez\u00f3ny e\u0161te pred t\u00fdm, ne\u017e skuto\u010dne pr\u00eddu, predstavuj\u00fa plody svojej pr\u00e1ce\" \/>\n<meta property=\"og:url\" content=\"https:\/\/answear.sk\/blog\/moda-jar-2025-stylove-predpovede-na-nadchadzajucu-sezonu\/23914\" \/>\n<meta property=\"og:site_name\" content=\"answear.sk blog\" \/>\n<meta property=\"article:published_time\" content=\"2025-03-12T20:17:29+00:00\" \/>\n<meta property=\"og:image\" content=\"https:\/\/answear.sk\/blog\/wp-content\/uploads\/2025\/03\/1200x628_02.jpg\" \/>\n\t<meta property=\"og:image:width\" content=\"1200\" \/>\n\t<meta property=\"og:image:height\" content=\"628\" \/>\n\t<meta property=\"og:image:type\" content=\"image\/jpeg\" \/>\n<meta name=\"author\" content=\"Michaela\" \/>\n<meta name=\"twitter:card\" content=\"summary_large_image\" \/>\n<meta name=\"twitter:label1\" content=\"Autor\" \/>\n\t<meta name=\"twitter:data1\" content=\"Michaela\" \/>\n\t<meta name=\"twitter:label2\" content=\"Predpokladan\u00fd \u010das \u010d\u00edtania\" \/>\n\t<meta name=\"twitter:data2\" content=\"6 min\u00fat\" \/>\n<script type=\"application\/ld+json\" class=\"yoast-schema-graph\">{\"@context\":\"https:\/\/schema.org\",\"@graph\":[{\"@type\":\"WebPage\",\"@id\":\"https:\/\/answear.sk\/blog\/moda-jar-2025-stylove-predpovede-na-nadchadzajucu-sezonu\/23914\",\"url\":\"https:\/\/answear.sk\/blog\/moda-jar-2025-stylove-predpovede-na-nadchadzajucu-sezonu\/23914\",\"name\":\"M\u00f3da \u2013 jar 2025. \u0160t\u00fdlov\u00e9 predpovede na nadch\u00e1dzaj\u00facu sez\u00f3nu - answear.sk blog\",\"isPartOf\":{\"@id\":\"https:\/\/answear.sk\/blog\/#website\"},\"primaryImageOfPage\":{\"@id\":\"https:\/\/answear.sk\/blog\/moda-jar-2025-stylove-predpovede-na-nadchadzajucu-sezonu\/23914#primaryimage\"},\"image\":{\"@id\":\"https:\/\/answear.sk\/blog\/moda-jar-2025-stylove-predpovede-na-nadchadzajucu-sezonu\/23914#primaryimage\"},\"thumbnailUrl\":\"https:\/\/answear.sk\/blog\/wp-content\/uploads\/2025\/03\/1200x628_02.jpg\",\"datePublished\":\"2025-03-12T20:17:29+00:00\",\"dateModified\":\"2025-03-12T20:17:29+00:00\",\"author\":{\"@id\":\"https:\/\/answear.sk\/blog\/#\/schema\/person\/d74cf30355490c4f5593af0380ad73b8\"},\"description\":\"M\u00f3da n\u00e1s v\u017edy predbehne o krok. Uzn\u00e1van\u00ed n\u00e1vrh\u00e1ri vytv\u00e1raj\u00fa trendy na nasleduj\u00face sez\u00f3ny e\u0161te pred t\u00fdm, ne\u017e skuto\u010dne pr\u00eddu, predstavuj\u00fa plody svojej pr\u00e1ce\",\"breadcrumb\":{\"@id\":\"https:\/\/answear.sk\/blog\/moda-jar-2025-stylove-predpovede-na-nadchadzajucu-sezonu\/23914#breadcrumb\"},\"inLanguage\":\"sk-SK\",\"potentialAction\":[{\"@type\":\"ReadAction\",\"target\":[\"https:\/\/answear.sk\/blog\/moda-jar-2025-stylove-predpovede-na-nadchadzajucu-sezonu\/23914\"]}]},{\"@type\":\"ImageObject\",\"inLanguage\":\"sk-SK\",\"@id\":\"https:\/\/answear.sk\/blog\/moda-jar-2025-stylove-predpovede-na-nadchadzajucu-sezonu\/23914#primaryimage\",\"url\":\"https:\/\/answear.sk\/blog\/wp-content\/uploads\/2025\/03\/1200x628_02.jpg\",\"contentUrl\":\"https:\/\/answear.sk\/blog\/wp-content\/uploads\/2025\/03\/1200x628_02.jpg\",\"width\":1200,\"height\":628},{\"@type\":\"BreadcrumbList\",\"@id\":\"https:\/\/answear.sk\/blog\/moda-jar-2025-stylove-predpovede-na-nadchadzajucu-sezonu\/23914#breadcrumb\",\"itemListElement\":[{\"@type\":\"ListItem\",\"position\":1,\"name\":\"Domovsk\u00e1 str\u00e1nka\",\"item\":\"https:\/\/answear.sk\/blog\/\"},{\"@type\":\"ListItem\",\"position\":2,\"name\":\"M\u00f3da \u2013 jar 2025. \u0160t\u00fdlov\u00e9 predpovede na nadch\u00e1dzaj\u00facu sez\u00f3nu\"}]},{\"@type\":\"WebSite\",\"@id\":\"https:\/\/answear.sk\/blog\/#website\",\"url\":\"https:\/\/answear.sk\/blog\/\",\"name\":\"answear.sk blog\",\"description\":\"M\u00f3da, trendy, rady a tipy od stylistov, novinky zo sveta m\u00f3dy. We know the ANSWEAR ;-)\",\"potentialAction\":[{\"@type\":\"SearchAction\",\"target\":{\"@type\":\"EntryPoint\",\"urlTemplate\":\"https:\/\/answear.sk\/blog\/?s={search_term_string}\"},\"query-input\":\"required name=search_term_string\"}],\"inLanguage\":\"sk-SK\"},{\"@type\":\"Person\",\"@id\":\"https:\/\/answear.sk\/blog\/#\/schema\/person\/d74cf30355490c4f5593af0380ad73b8\",\"name\":\"Michaela\",\"image\":{\"@type\":\"ImageObject\",\"inLanguage\":\"sk-SK\",\"@id\":\"https:\/\/answear.sk\/blog\/#\/schema\/person\/image\/\",\"url\":\"https:\/\/secure.gravatar.com\/avatar\/18f0c4fbe526d147f1b3894de0ce040d?s=96&d=mm&r=g\",\"contentUrl\":\"https:\/\/secure.gravatar.com\/avatar\/18f0c4fbe526d147f1b3894de0ce040d?s=96&d=mm&r=g\",\"caption\":\"Michaela\"},\"url\":\"https:\/\/answear.sk\/blog\/author\/michaela\"}]}<\/script>\n<!-- \/ Yoast SEO plugin. -->","yoast_head_json":{"title":"M\u00f3da \u2013 jar 2025. \u0160t\u00fdlov\u00e9 predpovede na nadch\u00e1dzaj\u00facu sez\u00f3nu - answear.sk blog","description":"M\u00f3da n\u00e1s v\u017edy predbehne o krok. Uzn\u00e1van\u00ed n\u00e1vrh\u00e1ri vytv\u00e1raj\u00fa trendy na nasleduj\u00face sez\u00f3ny e\u0161te pred t\u00fdm, ne\u017e skuto\u010dne pr\u00eddu, predstavuj\u00fa plody svojej pr\u00e1ce","robots":{"index":"index","follow":"follow","max-snippet":"max-snippet:-1","max-image-preview":"max-image-preview:large","max-video-preview":"max-video-preview:-1"},"canonical":"https:\/\/answear.sk\/blog\/moda-jar-2025-stylove-predpovede-na-nadchadzajucu-sezonu\/23914","og_locale":"sk_SK","og_type":"article","og_title":"M\u00f3da \u2013 jar 2025. \u0160t\u00fdlov\u00e9 predpovede na nadch\u00e1dzaj\u00facu sez\u00f3nu - answear.sk blog","og_description":"M\u00f3da n\u00e1s v\u017edy predbehne o krok. Uzn\u00e1van\u00ed n\u00e1vrh\u00e1ri vytv\u00e1raj\u00fa trendy na nasleduj\u00face sez\u00f3ny e\u0161te pred t\u00fdm, ne\u017e skuto\u010dne pr\u00eddu, predstavuj\u00fa plody svojej pr\u00e1ce","og_url":"https:\/\/answear.sk\/blog\/moda-jar-2025-stylove-predpovede-na-nadchadzajucu-sezonu\/23914","og_site_name":"answear.sk blog","article_published_time":"2025-03-12T20:17:29+00:00","og_image":[{"width":1200,"height":628,"url":"https:\/\/answear.sk\/blog\/wp-content\/uploads\/2025\/03\/1200x628_02.jpg","type":"image\/jpeg"}],"author":"Michaela","twitter_card":"summary_large_image","twitter_misc":{"Autor":"Michaela","Predpokladan\u00fd \u010das \u010d\u00edtania":"6 min\u00fat"},"schema":{"@context":"https:\/\/schema.org","@graph":[{"@type":"WebPage","@id":"https:\/\/answear.sk\/blog\/moda-jar-2025-stylove-predpovede-na-nadchadzajucu-sezonu\/23914","url":"https:\/\/answear.sk\/blog\/moda-jar-2025-stylove-predpovede-na-nadchadzajucu-sezonu\/23914","name":"M\u00f3da \u2013 jar 2025. \u0160t\u00fdlov\u00e9 predpovede na nadch\u00e1dzaj\u00facu sez\u00f3nu - answear.sk blog","isPartOf":{"@id":"https:\/\/answear.sk\/blog\/#website"},"primaryImageOfPage":{"@id":"https:\/\/answear.sk\/blog\/moda-jar-2025-stylove-predpovede-na-nadchadzajucu-sezonu\/23914#primaryimage"},"image":{"@id":"https:\/\/answear.sk\/blog\/moda-jar-2025-stylove-predpovede-na-nadchadzajucu-sezonu\/23914#primaryimage"},"thumbnailUrl":"https:\/\/answear.sk\/blog\/wp-content\/uploads\/2025\/03\/1200x628_02.jpg","datePublished":"2025-03-12T20:17:29+00:00","dateModified":"2025-03-12T20:17:29+00:00","author":{"@id":"https:\/\/answear.sk\/blog\/#\/schema\/person\/d74cf30355490c4f5593af0380ad73b8"},"description":"M\u00f3da n\u00e1s v\u017edy predbehne o krok. Uzn\u00e1van\u00ed n\u00e1vrh\u00e1ri vytv\u00e1raj\u00fa trendy na nasleduj\u00face sez\u00f3ny e\u0161te pred t\u00fdm, ne\u017e skuto\u010dne pr\u00eddu, predstavuj\u00fa plody svojej pr\u00e1ce","breadcrumb":{"@id":"https:\/\/answear.sk\/blog\/moda-jar-2025-stylove-predpovede-na-nadchadzajucu-sezonu\/23914#breadcrumb"},"inLanguage":"sk-SK","potentialAction":[{"@type":"ReadAction","target":["https:\/\/answear.sk\/blog\/moda-jar-2025-stylove-predpovede-na-nadchadzajucu-sezonu\/23914"]}]},{"@type":"ImageObject","inLanguage":"sk-SK","@id":"https:\/\/answear.sk\/blog\/moda-jar-2025-stylove-predpovede-na-nadchadzajucu-sezonu\/23914#primaryimage","url":"https:\/\/answear.sk\/blog\/wp-content\/uploads\/2025\/03\/1200x628_02.jpg","contentUrl":"https:\/\/answear.sk\/blog\/wp-content\/uploads\/2025\/03\/1200x628_02.jpg","width":1200,"height":628},{"@type":"BreadcrumbList","@id":"https:\/\/answear.sk\/blog\/moda-jar-2025-stylove-predpovede-na-nadchadzajucu-sezonu\/23914#breadcrumb","itemListElement":[{"@type":"ListItem","position":1,"name":"Domovsk\u00e1 str\u00e1nka","item":"https:\/\/answear.sk\/blog\/"},{"@type":"ListItem","position":2,"name":"M\u00f3da \u2013 jar 2025. \u0160t\u00fdlov\u00e9 predpovede na nadch\u00e1dzaj\u00facu sez\u00f3nu"}]},{"@type":"WebSite","@id":"https:\/\/answear.sk\/blog\/#website","url":"https:\/\/answear.sk\/blog\/","name":"answear.sk blog","description":"M\u00f3da, trendy, rady a tipy od stylistov, novinky zo sveta m\u00f3dy. We know the ANSWEAR ;-)","potentialAction":[{"@type":"SearchAction","target":{"@type":"EntryPoint","urlTemplate":"https:\/\/answear.sk\/blog\/?s={search_term_string}"},"query-input":"required name=search_term_string"}],"inLanguage":"sk-SK"},{"@type":"Person","@id":"https:\/\/answear.sk\/blog\/#\/schema\/person\/d74cf30355490c4f5593af0380ad73b8","name":"Michaela","image":{"@type":"ImageObject","inLanguage":"sk-SK","@id":"https:\/\/answear.sk\/blog\/#\/schema\/person\/image\/","url":"https:\/\/secure.gravatar.com\/avatar\/18f0c4fbe526d147f1b3894de0ce040d?s=96&d=mm&r=g","contentUrl":"https:\/\/secure.gravatar.com\/avatar\/18f0c4fbe526d147f1b3894de0ce040d?s=96&d=mm&r=g","caption":"Michaela"},"url":"https:\/\/answear.sk\/blog\/author\/michaela"}]}},"_links":{"self":[{"href":"https:\/\/answear.sk\/blog\/wp-json\/wp\/v2\/posts\/23914"}],"collection":[{"href":"https:\/\/answear.sk\/blog\/wp-json\/wp\/v2\/posts"}],"about":[{"href":"https:\/\/answear.sk\/blog\/wp-json\/wp\/v2\/types\/post"}],"author":[{"embeddable":true,"href":"https:\/\/answear.sk\/blog\/wp-json\/wp\/v2\/users\/37"}],"replies":[{"embeddable":true,"href":"https:\/\/answear.sk\/blog\/wp-json\/wp\/v2\/comments?post=23914"}],"version-history":[{"count":5,"href":"https:\/\/answear.sk\/blog\/wp-json\/wp\/v2\/posts\/23914\/revisions"}],"predecessor-version":[{"id":23927,"href":"https:\/\/answear.sk\/blog\/wp-json\/wp\/v2\/posts\/23914\/revisions\/23927"}],"wp:featuredmedia":[{"embeddable":true,"href":"https:\/\/answear.sk\/blog\/wp-json\/wp\/v2\/media\/23915"}],"wp:attachment":[{"href":"https:\/\/answear.sk\/blog\/wp-json\/wp\/v2\/media?parent=23914"}],"wp:term":[{"taxonomy":"category","embeddable":true,"href":"https:\/\/answear.sk\/blog\/wp-json\/wp\/v2\/categories?post=23914"},{"taxonomy":"post_tag","embeddable":true,"href":"https:\/\/answear.sk\/blog\/wp-json\/wp\/v2\/tags?post=23914"}],"curies":[{"name":"wp","href":"https:\/\/api.w.org\/{rel}","templated":true}]}}