{"id":23946,"date":"2025-04-01T06:55:53","date_gmt":"2025-04-01T04:55:53","guid":{"rendered":"https:\/\/answear.sk\/blog\/?p=23946"},"modified":"2025-04-02T09:37:19","modified_gmt":"2025-04-02T07:37:19","slug":"moda-plna-kontrastov-nova-kampan-na-jar-leto-2025-kombinuje-styly-a-emocie","status":"publish","type":"post","link":"https:\/\/answear.sk\/blog\/moda-plna-kontrastov-nova-kampan-na-jar-leto-2025-kombinuje-styly-a-emocie\/23946","title":{"rendered":"M\u00f3da pln\u00e1 kontrastov \u2013 Nov\u00e1 kampa\u0148 na jar\/leto 2025 kombinuje \u0161t\u00fdly a em\u00f3cie"},"content":{"rendered":"<span class=\"rt-reading-time\" style=\"display: block;\"><span class=\"rt-label rt-prefix\">\u010c\u00edtanie na <\/span> <span class=\"rt-time\">4<\/span> <span class=\"rt-label rt-postfix\">min\u00faty<\/span><\/span>\r\n<p><strong>Ke\u010f sa protiklady stretn\u00fa a n\u00e1jdu spolo\u010dn\u00fd jazyk, vznik\u00e1 nie\u010do v\u00fdnimo\u010dn\u00e9 \u2013 jedine\u010dn\u00e1 harm\u00f3nia in\u0161pir\u00e1cie. V novej kampani &#8222;Zaha\u013ete svoj \u017eivot do vz\u00e1cnych vec\u00ed&#8220; pre sez\u00f3nu jar\/leto 2025 Answear.sk dokazuje, \u017ee m\u00f3da nie je len o oble\u010den\u00ed, ale o em\u00f3ci\u00e1ch, vz\u0165ahoch a spomienkach, ktor\u00e9 tvoria pr\u00edbeh n\u00e1\u0161ho ka\u017edodenn\u00e9ho \u017eivota.<\/strong><\/p>\r\n\r\n\r\n\r\n<p><!--more--><\/p>\r\n\r\n\r\n\r\n<p class=\"bigletter\">Kampa\u0148 sa zameriava na em\u00f3cie, kontrasty a in\u0161pir\u00e1ciu, ktor\u00e9 vypl\u00fdvaj\u00fa z \u013eudsk\u00fdch vz\u0165ahov. Stredobodom sa st\u00e1vaj\u00fa \u013eudia, ich ob\u013e\u00faben\u00e9 zna\u010dky a \u0161t\u00fdly, ako aj pr\u00edbehy za nimi. Nov\u00e1 verzia kampane odv\u00e1\u017ene sp\u00e1ja protichodn\u00e9 pr\u00e9miov\u00e9 zna\u010dky, dokazuj\u00fac, \u017ee zd\u00e1nliv\u00e9 protiklady vytv\u00e1raj\u00fa fascinuj\u00face kombin\u00e1cie &#8211; presne ako vz\u0165ahy medzi \u013eu\u010fmi, ktor\u00e9 n\u00e1s in\u0161piruj\u00fa k experimentovaniu so \u0161t\u00fdlom.<\/p>\r\n\r\n\r\n\r\n<p>&#8222;Zaha\u013ete svoj \u017eivot do vz\u00e1cnych vec\u00ed s \u013eu\u010fmi, ktor\u00fdch milujete&#8220; roz\u0161iruje tvoriv\u00fd koncept a podporuje kombin\u00e1ciu zd\u00e1nlivo protichodn\u00fdch \u0161t\u00fdlov, rovnako ako vz\u0165ahy v na\u0161ich \u017eivotoch \u2013 odv\u00e1\u017ene, otvoren\u00e9 k druh\u00e9mu \u010dloveku, r\u00f4znorod\u00e9, pln\u00e9 prel\u00ednania na r\u00f4znych \u00farovniach.<\/p>\r\n\r\n\r\n\r\n<p>N\u00e1\u0161 \u0161t\u00fdl sa formuje nielen pod\u013ea toho, \u010do m\u00e1me vo svojom \u0161atn\u00edku, ale aj pod\u013ea \u013eud\u00ed, s ktor\u00fdmi \u017eijeme. T\u00e1to kampa\u0148 ukazuje, ako sa tieto r\u00f4zne vplyvy m\u00f4\u017eu spoji\u0165 do jedine\u010dn\u00e9ho celku.<\/p>\r\n\r\n<p><iframe loading=\"lazy\" title=\"YouTube video player\" src=\"https:\/\/www.youtube.com\/embed\/4zY7MR2OOEU?si=hzPvzvc7xiJsBP2j\" width=\"560\" height=\"315\" frameborder=\"0\" allowfullscreen=\"allowfullscreen\"><\/iframe><\/p>\r\n\r\n<h2 class=\"wp-block-heading\">P\u00f4vab kontrastov<\/h2>\r\n\r\n\r\n\r\n<p>V kampani sa objavuj\u00fa pr\u00e9miov\u00e9 zna\u010dky ako Patrizia Pepe, adidas, Pinko, AllSaints, Boss a Birkenstock, ktor\u00e9 tvoria nov\u00e9 kombin\u00e1cie. \u017divotn\u00fd \u0161t\u00fdl sa stret\u00e1va s eleganciou, elegancia s drzos\u0165ou a kancel\u00e1rsky \u0161t\u00fdl s mladistv\u00fdm pohodl\u00edm. Jednotlivci, postavy a \u0161t\u00fdly sa prel\u00ednaj\u00fa, vytv\u00e1raj\u00fac nov\u00e9 a zauj\u00edmav\u00e9 mixy. T\u00e1to kampa\u0148 ukazuje, \u017ee m\u00f3da nepozn\u00e1 \u017eiadne hranice a najkraj\u0161ie kombin\u00e1cie vznikaj\u00fa, ke\u010f si dovol\u00edme experimentova\u0165 a sme otvoren\u00ed nov\u00fdm n\u00e1padom.<\/p>\r\n\r\n\r\n\r\n<h2 class=\"wp-block-heading\">In\u0161pir\u00e1cie, ktor\u00e9 prekvapia<\/h2>\r\n\r\n\r\n\r\n<p>D\u00f4le\u017eit\u00fdm aspektom kampane je aj miesto malebn\u00e1 Ju\u017en\u00e1 Afrika. Intenz\u00edvne farby a pr\u00edrodn\u00e9 svetlo vytvorili dojem skuto\u010dn\u00e9ho kinematick\u00e9ho z\u00e1\u017eitku. Ot\u00e1zky, ktor\u00e9 polo\u017eili tvorcovia kampane: &#8222;M\u00f4\u017ee sa adidas zamilova\u0165 do Patrizia Pepe?&#8220;, &#8220; M\u00f4\u017eu by\u0165 PINKO a ALLSAINTS najlep\u0161ie kamar\u00e1tky?&#8220; a &#8222;M\u00f4\u017eu si BOSS a BIRKENSTOCK rozumie\u0165? &#8220; n\u00e1s n\u00fatia prem\u00fd\u0161\u013ea\u0165 o m\u00f3de \u00faplne nov\u00fdm sp\u00f4sobom &#8211; ako emocion\u00e1lny v\u00fdraz na\u0161ich vz\u0165ahov.<\/p>\r\n\r\n\r\n\r\n<figure class=\"wp-block-gallery has-nested-images columns-default is-cropped wp-block-gallery-1 is-layout-flex wp-block-gallery-is-layout-flex\">\r\n<figure class=\"wp-block-image size-large\"><img loading=\"lazy\" decoding=\"async\" width=\"521\" height=\"695\" data-id=\"24002\" class=\"wp-image-24002\" src=\"https:\/\/answear.sk\/blog\/wp-content\/uploads\/2025\/04\/SK-couple-1-521x695.jpg\" alt=\"\" srcset=\"https:\/\/answear.sk\/blog\/wp-content\/uploads\/2025\/04\/SK-couple-1-521x695.jpg 521w, https:\/\/answear.sk\/blog\/wp-content\/uploads\/2025\/04\/SK-couple-1-768x1024.jpg 768w, https:\/\/answear.sk\/blog\/wp-content\/uploads\/2025\/04\/SK-couple-1-1152x1536.jpg 1152w, https:\/\/answear.sk\/blog\/wp-content\/uploads\/2025\/04\/SK-couple-1.jpg 1500w\" sizes=\"(max-width: 521px) 100vw, 521px\" \/><\/figure>\r\n\r\n\r\n\r\n<figure class=\"wp-block-image size-large\"><img loading=\"lazy\" decoding=\"async\" width=\"521\" height=\"695\" data-id=\"24003\" class=\"wp-image-24003\" src=\"https:\/\/answear.sk\/blog\/wp-content\/uploads\/2025\/04\/SK-6-1-521x695.jpg\" alt=\"\" srcset=\"https:\/\/answear.sk\/blog\/wp-content\/uploads\/2025\/04\/SK-6-1-521x695.jpg 521w, https:\/\/answear.sk\/blog\/wp-content\/uploads\/2025\/04\/SK-6-1-768x1024.jpg 768w, https:\/\/answear.sk\/blog\/wp-content\/uploads\/2025\/04\/SK-6-1-1152x1536.jpg 1152w, https:\/\/answear.sk\/blog\/wp-content\/uploads\/2025\/04\/SK-6-1.jpg 1500w\" sizes=\"(max-width: 521px) 100vw, 521px\" \/><\/figure>\r\n<\/figure>\r\n\r\n\r\n\r\n<p>T\u00e1to kampa\u0148 sa net\u00fdka len oble\u010denia. \u201eVz\u0165ahy, ktor\u00e9 tvor\u00edme \u2013 \u010di u\u017e s partnerom, priate\u013emi alebo kolegami \u2013 n\u00e1s denne ovplyv\u0148uj\u00fa. In\u0161piruj\u00fa n\u00e1s k tomu, aby sme sa otvorili nov\u00fdm veciam, kombinovali \u0161t\u00fdly a vyjadrovali sam\u00fdch seba bez obmedzen\u00ed. Touto kampa\u0148ou chceme uk\u00e1za\u0165, \u017ee ka\u017ed\u00fd z n\u00e1s si m\u00f4\u017ee posklada\u0165 \u0161t\u00fdl pod\u013ea vlastn\u00e9ho pr\u00edbehu,\u201c hovor\u00ed Marta Sawicka, riadite\u013eka pre image marketing v\u202fAnswear.<\/p>\r\n\r\n<p><iframe loading=\"lazy\" title=\"YouTube video player\" src=\"https:\/\/www.youtube.com\/embed\/MUi4XGSh6Yg?si=Z1lMDbeZYux4exKk\" width=\"560\" height=\"315\" frameborder=\"0\" allowfullscreen=\"allowfullscreen\"><\/iframe><\/p>\r\n\r\n<p>Strat\u00e9gia a tvorba kampane boli pripraven\u00e9 agent\u00farou Saatchi &amp; Saatchi, ktor\u00e1 vytvorila koncept zalo\u017een\u00fd na provokat\u00edvnych ot\u00e1zkach o potenci\u00e1li kombinovania zd\u00e1nlivo protikladn\u00fdch \u0161t\u00fdlov a zna\u010diek. Re\u017eis\u00e9rom spotov bol uzn\u00e1van\u00fd britsk\u00fd re\u017eis\u00e9r Danny Sangra, zn\u00e1my svojou pr\u00e1cou pre prest\u00ed\u017ene zna\u010dky ako Marc Jacobs, Diesel, Miu Miu, Balenciaga a Ermenegildo Zegna, pri\u010dom americk\u00fd kameraman Sean Conaty bol zodpovedn\u00fd za kinematografiu. Spoty boli produkovala produk\u010dn\u00e1 spolo\u010dnos\u0165 Warsaw Production.<\/p>\r\n\r\n\r\n\r\n<figure class=\"wp-block-gallery has-nested-images columns-default is-cropped wp-block-gallery-2 is-layout-flex wp-block-gallery-is-layout-flex\">\r\n<figure class=\"wp-block-image size-large\"><img loading=\"lazy\" decoding=\"async\" width=\"461\" height=\"695\" data-id=\"23955\" class=\"wp-image-23955\" src=\"https:\/\/answear.sk\/blog\/wp-content\/uploads\/2025\/03\/2-768x1157-1-461x695.jpg\" alt=\"\" srcset=\"https:\/\/answear.sk\/blog\/wp-content\/uploads\/2025\/03\/2-768x1157-1-461x695.jpg 461w, https:\/\/answear.sk\/blog\/wp-content\/uploads\/2025\/03\/2-768x1157-1.jpg 768w\" sizes=\"(max-width: 461px) 100vw, 461px\" \/><\/figure>\r\n\r\n\r\n\r\n<figure class=\"wp-block-image size-large\"><img loading=\"lazy\" decoding=\"async\" width=\"461\" height=\"695\" data-id=\"23954\" class=\"wp-image-23954\" src=\"https:\/\/answear.sk\/blog\/wp-content\/uploads\/2025\/03\/1-768x1157-1-461x695.jpg\" alt=\"\" srcset=\"https:\/\/answear.sk\/blog\/wp-content\/uploads\/2025\/03\/1-768x1157-1-461x695.jpg 461w, https:\/\/answear.sk\/blog\/wp-content\/uploads\/2025\/03\/1-768x1157-1.jpg 768w\" sizes=\"(max-width: 461px) 100vw, 461px\" \/><\/figure>\r\n\r\n\r\n\r\n<figure class=\"wp-block-image size-large\"><img loading=\"lazy\" decoding=\"async\" width=\"1043\" height=\"695\" data-id=\"23956\" class=\"wp-image-23956\" src=\"https:\/\/answear.sk\/blog\/wp-content\/uploads\/2025\/03\/1-1043x695.jpg\" alt=\"\" srcset=\"https:\/\/answear.sk\/blog\/wp-content\/uploads\/2025\/03\/1-1043x695.jpg 1043w, https:\/\/answear.sk\/blog\/wp-content\/uploads\/2025\/03\/1-768x512.jpg 768w, https:\/\/answear.sk\/blog\/wp-content\/uploads\/2025\/03\/1-272x182.jpg 272w, https:\/\/answear.sk\/blog\/wp-content\/uploads\/2025\/03\/1.jpg 1536w\" sizes=\"(max-width: 1043px) 100vw, 1043px\" \/><\/figure>\r\n<\/figure>\r\n\r\n\r\n\r\n<p>\u201eNov\u00e1 kampa\u0148 Answear je zalo\u017een\u00e1 na dvoch k\u013e\u00fa\u010dov\u00fdch poznatkoch. Prv\u00fdm je, \u017ee pr\u00edbeh vz\u0165ahu m\u00f4\u017eeme vyrozpr\u00e1va\u0165 len pozorovan\u00edm odevov. Pod\u013ea tohto konceptu sa p\u00e1ry za\u010d\u00ednaj\u00fa podoba\u0165, \u010d\u00edm viac \u010dasu tr\u00e1via spolu, pri\u010dom odevy sa st\u00e1vaj\u00fa prostriedkom na rozpr\u00e1vanie pr\u00edbehu l\u00e1sky. Druh\u00fdm aspektom je, \u017ee zna\u010dky v ur\u010ditom zmysle definuj\u00fa na\u0161u identitu. Ve\u013ea hovoria o na\u0161om charaktere, postoji a z\u00e1ujmoch. A na kri\u017eovatke tohto v\u0161etk\u00e9ho je Answear, ktor\u00fd zl\u00fa\u010di v\u0161etky tieto prvky, pon\u00fakaj\u00fac oble\u010denie, ktor\u00e9 n\u00e1m umo\u017e\u0148uje vyrozpr\u00e1va\u0165 pr\u00edbehy l\u00e1sky a viac prostredn\u00edctvom m\u00f3dy.&#8220; &#8211; hovor\u00ed Quentin Carenzo z kreat\u00edvneho oddelenia Saatchi &amp; Saatchi.<\/p>\r\n\r\n<p><iframe loading=\"lazy\" title=\"YouTube video player\" src=\"https:\/\/www.youtube.com\/embed\/wfAZ4ZLAEuQ?si=jloVftW17uKQYUNI\" width=\"560\" height=\"315\" frameborder=\"0\" allowfullscreen=\"allowfullscreen\"><\/iframe><\/p>\r\n<p>&nbsp;<\/p>\r\n\r\n<h2 class=\"wp-block-heading\">\u010cas na m\u00f3dn\u00e9 experimenty<\/h2>\r\n\r\n\r\n\r\n<p>Jar je dokonal\u00fd \u010das na experimentovanie so \u0161t\u00fdlom. Namiesto tradi\u010dn\u00fdch kombin\u00e1ci\u00ed sa oplat\u00ed in\u0161pirova\u0165 nov\u00fdmi mixmi, prekvapi\u0165 sa a odv\u00e1\u017ei\u0165 sa na kombin\u00e1cie, ktor\u00e9 by sa na prv\u00fd poh\u013ead mohli zda\u0165 nezvy\u010dajn\u00e9. Vytv\u00e1rame priestor na kombin\u00e1ciu klasick\u00fdch zna\u010diek s t\u00fdmi, ktor\u00e9 prekra\u010duj\u00fa konvencie, podporuje mie\u0161anie elegancie s ka\u017edodennou neform\u00e1lnos\u0165ou a pos\u00favame hranice kompromisov s\u00favisiacich s vekom alebo profesiou. M\u00f3da je z\u00e1bava, ktor\u00e1 v tejto kampani nadob\u00fada \u00faplne nov\u00fd a vzru\u0161uj\u00faci tvar!<\/p>\r\n\r\n\r\n\r\n<p>Vo svojej novej kampani SS25 ukazujeme, ako r\u00f4zne \u0161t\u00fdly m\u00f4\u017eu in\u0161pirova\u0165 jeden druh\u00e9ho a vytvori\u0165 nie\u010do \u00faplne jedine\u010dn\u00e9. In\u0161pirovan\u00ed em\u00f3ciami, vz\u0165ahmi a \u0161peci\u00e1lnymi okamihmi m\u00f4\u017eeme vytv\u00e1ra\u0165 vlastn\u00fd kreat\u00edvny m\u00f3dny mix. Preto\u017ee m\u00f3da nie je len o oble\u010den\u00ed \u2013 je to sp\u00f4sob, ako sa vyjadri\u0165 a ako vyjadri\u0165 svoje spojenia s ostatn\u00fdmi.<\/p>\r\n\r\n\r\n\r\n<p class=\"kropka\">Jednoducho povedan\u00e9, \u201eZaha\u013ete svoj \u017eivot do vz\u00e1cnych vec\u00ed s \u013eu\u010fmi, ktor\u00fdch milujete\u201c Bu\u010fme odv\u00e1\u017eni, kombinujme \u0161t\u00fdly a spolo\u010dne sa bavme m\u00f3dou!<\/p>\r\n","protected":false},"excerpt":{"rendered":"<p><span class=\"rt-reading-time\" style=\"display: block;\"><span class=\"rt-label rt-prefix\">\u010c\u00edtanie na <\/span> <span class=\"rt-time\">4<\/span> <span class=\"rt-label rt-postfix\">min\u00faty<\/span><\/span> Ke\u010f sa protiklady stretn\u00fa a n\u00e1jdu spolo\u010dn\u00fd jazyk, vznik\u00e1 nie\u010do v\u00fdnimo\u010dn\u00e9 \u2013 jedine\u010dn\u00e1 harm\u00f3nia in\u0161pir\u00e1cie. V novej kampani &#8222;Zaha\u013ete svoj \u017eivot do vz\u00e1cnych vec\u00ed&#8220; pre sez\u00f3nu jar\/leto 2025 Answear.sk dokazuje, \u017ee m\u00f3da nie je len o oble\u010den\u00ed, ale o em\u00f3ci\u00e1ch, vz\u0165ahoch a spomienkach, ktor\u00e9 tvoria pr\u00edbeh n\u00e1\u0161ho ka\u017edodenn\u00e9ho \u017eivota.<\/p>\n","protected":false},"author":37,"featured_media":23957,"comment_status":"closed","ping_status":"closed","sticky":false,"template":"","format":"standard","meta":{"footnotes":""},"categories":[676],"tags":[],"yoast_head":"<!-- This site is optimized with the Yoast SEO plugin v22.2 - https:\/\/yoast.com\/wordpress\/plugins\/seo\/ -->\n<title>M\u00f3da pln\u00e1 kontrastov \u2013 Nov\u00e1 kampa\u0148 na jar\/leto 2025 kombinuje \u0161t\u00fdly a em\u00f3cie - answear.sk blog<\/title>\n<meta name=\"description\" content=\"Ke\u010f sa protiklady stretn\u00fa a n\u00e1jdu spolo\u010dn\u00fd jazyk, vznik\u00e1 nie\u010do v\u00fdnimo\u010dn\u00e9 \u2013 jedine\u010dn\u00e1 harm\u00f3nia in\u0161pir\u00e1cie. V novej kampani &quot;Zaha\u013ete svoj \u017eivot do vz\u00e1cnych\" \/>\n<meta name=\"robots\" content=\"index, follow, max-snippet:-1, max-image-preview:large, max-video-preview:-1\" \/>\n<link rel=\"canonical\" href=\"https:\/\/answear.sk\/blog\/moda-plna-kontrastov-nova-kampan-na-jar-leto-2025-kombinuje-styly-a-emocie\/23946\" \/>\n<meta property=\"og:locale\" content=\"sk_SK\" \/>\n<meta property=\"og:type\" content=\"article\" \/>\n<meta property=\"og:title\" content=\"M\u00f3da pln\u00e1 kontrastov \u2013 Nov\u00e1 kampa\u0148 na jar\/leto 2025 kombinuje \u0161t\u00fdly a em\u00f3cie - answear.sk blog\" \/>\n<meta property=\"og:description\" content=\"Ke\u010f sa protiklady stretn\u00fa a n\u00e1jdu spolo\u010dn\u00fd jazyk, vznik\u00e1 nie\u010do v\u00fdnimo\u010dn\u00e9 \u2013 jedine\u010dn\u00e1 harm\u00f3nia in\u0161pir\u00e1cie. V novej kampani &quot;Zaha\u013ete svoj \u017eivot do vz\u00e1cnych\" \/>\n<meta property=\"og:url\" content=\"https:\/\/answear.sk\/blog\/moda-plna-kontrastov-nova-kampan-na-jar-leto-2025-kombinuje-styly-a-emocie\/23946\" \/>\n<meta property=\"og:site_name\" content=\"answear.sk blog\" \/>\n<meta property=\"article:published_time\" content=\"2025-04-01T04:55:53+00:00\" \/>\n<meta property=\"article:modified_time\" content=\"2025-04-02T07:37:19+00:00\" \/>\n<meta property=\"og:image\" content=\"https:\/\/answear.sk\/blog\/wp-content\/uploads\/2025\/03\/spot_SS25-1680x680-1.jpg\" \/>\n\t<meta property=\"og:image:width\" content=\"1680\" \/>\n\t<meta property=\"og:image:height\" content=\"680\" \/>\n\t<meta property=\"og:image:type\" content=\"image\/jpeg\" \/>\n<meta name=\"author\" content=\"Michaela\" \/>\n<meta name=\"twitter:card\" content=\"summary_large_image\" \/>\n<meta name=\"twitter:label1\" content=\"Autor\" \/>\n\t<meta name=\"twitter:data1\" content=\"Michaela\" \/>\n\t<meta name=\"twitter:label2\" content=\"Predpokladan\u00fd \u010das \u010d\u00edtania\" \/>\n\t<meta name=\"twitter:data2\" content=\"5 min\u00fat\" \/>\n<script type=\"application\/ld+json\" class=\"yoast-schema-graph\">{\"@context\":\"https:\/\/schema.org\",\"@graph\":[{\"@type\":\"WebPage\",\"@id\":\"https:\/\/answear.sk\/blog\/moda-plna-kontrastov-nova-kampan-na-jar-leto-2025-kombinuje-styly-a-emocie\/23946\",\"url\":\"https:\/\/answear.sk\/blog\/moda-plna-kontrastov-nova-kampan-na-jar-leto-2025-kombinuje-styly-a-emocie\/23946\",\"name\":\"M\u00f3da pln\u00e1 kontrastov \u2013 Nov\u00e1 kampa\u0148 na jar\/leto 2025 kombinuje \u0161t\u00fdly a em\u00f3cie - answear.sk blog\",\"isPartOf\":{\"@id\":\"https:\/\/answear.sk\/blog\/#website\"},\"primaryImageOfPage\":{\"@id\":\"https:\/\/answear.sk\/blog\/moda-plna-kontrastov-nova-kampan-na-jar-leto-2025-kombinuje-styly-a-emocie\/23946#primaryimage\"},\"image\":{\"@id\":\"https:\/\/answear.sk\/blog\/moda-plna-kontrastov-nova-kampan-na-jar-leto-2025-kombinuje-styly-a-emocie\/23946#primaryimage\"},\"thumbnailUrl\":\"https:\/\/answear.sk\/blog\/wp-content\/uploads\/2025\/03\/spot_SS25-1680x680-1.jpg\",\"datePublished\":\"2025-04-01T04:55:53+00:00\",\"dateModified\":\"2025-04-02T07:37:19+00:00\",\"author\":{\"@id\":\"https:\/\/answear.sk\/blog\/#\/schema\/person\/d74cf30355490c4f5593af0380ad73b8\"},\"description\":\"Ke\u010f sa protiklady stretn\u00fa a n\u00e1jdu spolo\u010dn\u00fd jazyk, vznik\u00e1 nie\u010do v\u00fdnimo\u010dn\u00e9 \u2013 jedine\u010dn\u00e1 harm\u00f3nia in\u0161pir\u00e1cie. V novej kampani \\\"Zaha\u013ete svoj \u017eivot do vz\u00e1cnych\",\"breadcrumb\":{\"@id\":\"https:\/\/answear.sk\/blog\/moda-plna-kontrastov-nova-kampan-na-jar-leto-2025-kombinuje-styly-a-emocie\/23946#breadcrumb\"},\"inLanguage\":\"sk-SK\",\"potentialAction\":[{\"@type\":\"ReadAction\",\"target\":[\"https:\/\/answear.sk\/blog\/moda-plna-kontrastov-nova-kampan-na-jar-leto-2025-kombinuje-styly-a-emocie\/23946\"]}]},{\"@type\":\"ImageObject\",\"inLanguage\":\"sk-SK\",\"@id\":\"https:\/\/answear.sk\/blog\/moda-plna-kontrastov-nova-kampan-na-jar-leto-2025-kombinuje-styly-a-emocie\/23946#primaryimage\",\"url\":\"https:\/\/answear.sk\/blog\/wp-content\/uploads\/2025\/03\/spot_SS25-1680x680-1.jpg\",\"contentUrl\":\"https:\/\/answear.sk\/blog\/wp-content\/uploads\/2025\/03\/spot_SS25-1680x680-1.jpg\",\"width\":1680,\"height\":680},{\"@type\":\"BreadcrumbList\",\"@id\":\"https:\/\/answear.sk\/blog\/moda-plna-kontrastov-nova-kampan-na-jar-leto-2025-kombinuje-styly-a-emocie\/23946#breadcrumb\",\"itemListElement\":[{\"@type\":\"ListItem\",\"position\":1,\"name\":\"Domovsk\u00e1 str\u00e1nka\",\"item\":\"https:\/\/answear.sk\/blog\/\"},{\"@type\":\"ListItem\",\"position\":2,\"name\":\"M\u00f3da pln\u00e1 kontrastov \u2013 Nov\u00e1 kampa\u0148 na jar\/leto 2025 kombinuje \u0161t\u00fdly a em\u00f3cie\"}]},{\"@type\":\"WebSite\",\"@id\":\"https:\/\/answear.sk\/blog\/#website\",\"url\":\"https:\/\/answear.sk\/blog\/\",\"name\":\"answear.sk blog\",\"description\":\"M\u00f3da, trendy, rady a tipy od stylistov, novinky zo sveta m\u00f3dy. We know the ANSWEAR ;-)\",\"potentialAction\":[{\"@type\":\"SearchAction\",\"target\":{\"@type\":\"EntryPoint\",\"urlTemplate\":\"https:\/\/answear.sk\/blog\/?s={search_term_string}\"},\"query-input\":\"required name=search_term_string\"}],\"inLanguage\":\"sk-SK\"},{\"@type\":\"Person\",\"@id\":\"https:\/\/answear.sk\/blog\/#\/schema\/person\/d74cf30355490c4f5593af0380ad73b8\",\"name\":\"Michaela\",\"image\":{\"@type\":\"ImageObject\",\"inLanguage\":\"sk-SK\",\"@id\":\"https:\/\/answear.sk\/blog\/#\/schema\/person\/image\/\",\"url\":\"https:\/\/secure.gravatar.com\/avatar\/18f0c4fbe526d147f1b3894de0ce040d?s=96&d=mm&r=g\",\"contentUrl\":\"https:\/\/secure.gravatar.com\/avatar\/18f0c4fbe526d147f1b3894de0ce040d?s=96&d=mm&r=g\",\"caption\":\"Michaela\"},\"url\":\"https:\/\/answear.sk\/blog\/author\/michaela\"}]}<\/script>\n<!-- \/ Yoast SEO plugin. -->","yoast_head_json":{"title":"M\u00f3da pln\u00e1 kontrastov \u2013 Nov\u00e1 kampa\u0148 na jar\/leto 2025 kombinuje \u0161t\u00fdly a em\u00f3cie - answear.sk blog","description":"Ke\u010f sa protiklady stretn\u00fa a n\u00e1jdu spolo\u010dn\u00fd jazyk, vznik\u00e1 nie\u010do v\u00fdnimo\u010dn\u00e9 \u2013 jedine\u010dn\u00e1 harm\u00f3nia in\u0161pir\u00e1cie. V novej kampani \"Zaha\u013ete svoj \u017eivot do vz\u00e1cnych","robots":{"index":"index","follow":"follow","max-snippet":"max-snippet:-1","max-image-preview":"max-image-preview:large","max-video-preview":"max-video-preview:-1"},"canonical":"https:\/\/answear.sk\/blog\/moda-plna-kontrastov-nova-kampan-na-jar-leto-2025-kombinuje-styly-a-emocie\/23946","og_locale":"sk_SK","og_type":"article","og_title":"M\u00f3da pln\u00e1 kontrastov \u2013 Nov\u00e1 kampa\u0148 na jar\/leto 2025 kombinuje \u0161t\u00fdly a em\u00f3cie - answear.sk blog","og_description":"Ke\u010f sa protiklady stretn\u00fa a n\u00e1jdu spolo\u010dn\u00fd jazyk, vznik\u00e1 nie\u010do v\u00fdnimo\u010dn\u00e9 \u2013 jedine\u010dn\u00e1 harm\u00f3nia in\u0161pir\u00e1cie. V novej kampani \"Zaha\u013ete svoj \u017eivot do vz\u00e1cnych","og_url":"https:\/\/answear.sk\/blog\/moda-plna-kontrastov-nova-kampan-na-jar-leto-2025-kombinuje-styly-a-emocie\/23946","og_site_name":"answear.sk blog","article_published_time":"2025-04-01T04:55:53+00:00","article_modified_time":"2025-04-02T07:37:19+00:00","og_image":[{"width":1680,"height":680,"url":"https:\/\/answear.sk\/blog\/wp-content\/uploads\/2025\/03\/spot_SS25-1680x680-1.jpg","type":"image\/jpeg"}],"author":"Michaela","twitter_card":"summary_large_image","twitter_misc":{"Autor":"Michaela","Predpokladan\u00fd \u010das \u010d\u00edtania":"5 min\u00fat"},"schema":{"@context":"https:\/\/schema.org","@graph":[{"@type":"WebPage","@id":"https:\/\/answear.sk\/blog\/moda-plna-kontrastov-nova-kampan-na-jar-leto-2025-kombinuje-styly-a-emocie\/23946","url":"https:\/\/answear.sk\/blog\/moda-plna-kontrastov-nova-kampan-na-jar-leto-2025-kombinuje-styly-a-emocie\/23946","name":"M\u00f3da pln\u00e1 kontrastov \u2013 Nov\u00e1 kampa\u0148 na jar\/leto 2025 kombinuje \u0161t\u00fdly a em\u00f3cie - answear.sk blog","isPartOf":{"@id":"https:\/\/answear.sk\/blog\/#website"},"primaryImageOfPage":{"@id":"https:\/\/answear.sk\/blog\/moda-plna-kontrastov-nova-kampan-na-jar-leto-2025-kombinuje-styly-a-emocie\/23946#primaryimage"},"image":{"@id":"https:\/\/answear.sk\/blog\/moda-plna-kontrastov-nova-kampan-na-jar-leto-2025-kombinuje-styly-a-emocie\/23946#primaryimage"},"thumbnailUrl":"https:\/\/answear.sk\/blog\/wp-content\/uploads\/2025\/03\/spot_SS25-1680x680-1.jpg","datePublished":"2025-04-01T04:55:53+00:00","dateModified":"2025-04-02T07:37:19+00:00","author":{"@id":"https:\/\/answear.sk\/blog\/#\/schema\/person\/d74cf30355490c4f5593af0380ad73b8"},"description":"Ke\u010f sa protiklady stretn\u00fa a n\u00e1jdu spolo\u010dn\u00fd jazyk, vznik\u00e1 nie\u010do v\u00fdnimo\u010dn\u00e9 \u2013 jedine\u010dn\u00e1 harm\u00f3nia in\u0161pir\u00e1cie. V novej kampani \"Zaha\u013ete svoj \u017eivot do vz\u00e1cnych","breadcrumb":{"@id":"https:\/\/answear.sk\/blog\/moda-plna-kontrastov-nova-kampan-na-jar-leto-2025-kombinuje-styly-a-emocie\/23946#breadcrumb"},"inLanguage":"sk-SK","potentialAction":[{"@type":"ReadAction","target":["https:\/\/answear.sk\/blog\/moda-plna-kontrastov-nova-kampan-na-jar-leto-2025-kombinuje-styly-a-emocie\/23946"]}]},{"@type":"ImageObject","inLanguage":"sk-SK","@id":"https:\/\/answear.sk\/blog\/moda-plna-kontrastov-nova-kampan-na-jar-leto-2025-kombinuje-styly-a-emocie\/23946#primaryimage","url":"https:\/\/answear.sk\/blog\/wp-content\/uploads\/2025\/03\/spot_SS25-1680x680-1.jpg","contentUrl":"https:\/\/answear.sk\/blog\/wp-content\/uploads\/2025\/03\/spot_SS25-1680x680-1.jpg","width":1680,"height":680},{"@type":"BreadcrumbList","@id":"https:\/\/answear.sk\/blog\/moda-plna-kontrastov-nova-kampan-na-jar-leto-2025-kombinuje-styly-a-emocie\/23946#breadcrumb","itemListElement":[{"@type":"ListItem","position":1,"name":"Domovsk\u00e1 str\u00e1nka","item":"https:\/\/answear.sk\/blog\/"},{"@type":"ListItem","position":2,"name":"M\u00f3da pln\u00e1 kontrastov \u2013 Nov\u00e1 kampa\u0148 na jar\/leto 2025 kombinuje \u0161t\u00fdly a em\u00f3cie"}]},{"@type":"WebSite","@id":"https:\/\/answear.sk\/blog\/#website","url":"https:\/\/answear.sk\/blog\/","name":"answear.sk blog","description":"M\u00f3da, trendy, rady a tipy od stylistov, novinky zo sveta m\u00f3dy. We know the ANSWEAR ;-)","potentialAction":[{"@type":"SearchAction","target":{"@type":"EntryPoint","urlTemplate":"https:\/\/answear.sk\/blog\/?s={search_term_string}"},"query-input":"required name=search_term_string"}],"inLanguage":"sk-SK"},{"@type":"Person","@id":"https:\/\/answear.sk\/blog\/#\/schema\/person\/d74cf30355490c4f5593af0380ad73b8","name":"Michaela","image":{"@type":"ImageObject","inLanguage":"sk-SK","@id":"https:\/\/answear.sk\/blog\/#\/schema\/person\/image\/","url":"https:\/\/secure.gravatar.com\/avatar\/18f0c4fbe526d147f1b3894de0ce040d?s=96&d=mm&r=g","contentUrl":"https:\/\/secure.gravatar.com\/avatar\/18f0c4fbe526d147f1b3894de0ce040d?s=96&d=mm&r=g","caption":"Michaela"},"url":"https:\/\/answear.sk\/blog\/author\/michaela"}]}},"_links":{"self":[{"href":"https:\/\/answear.sk\/blog\/wp-json\/wp\/v2\/posts\/23946"}],"collection":[{"href":"https:\/\/answear.sk\/blog\/wp-json\/wp\/v2\/posts"}],"about":[{"href":"https:\/\/answear.sk\/blog\/wp-json\/wp\/v2\/types\/post"}],"author":[{"embeddable":true,"href":"https:\/\/answear.sk\/blog\/wp-json\/wp\/v2\/users\/37"}],"replies":[{"embeddable":true,"href":"https:\/\/answear.sk\/blog\/wp-json\/wp\/v2\/comments?post=23946"}],"version-history":[{"count":25,"href":"https:\/\/answear.sk\/blog\/wp-json\/wp\/v2\/posts\/23946\/revisions"}],"predecessor-version":[{"id":24008,"href":"https:\/\/answear.sk\/blog\/wp-json\/wp\/v2\/posts\/23946\/revisions\/24008"}],"wp:featuredmedia":[{"embeddable":true,"href":"https:\/\/answear.sk\/blog\/wp-json\/wp\/v2\/media\/23957"}],"wp:attachment":[{"href":"https:\/\/answear.sk\/blog\/wp-json\/wp\/v2\/media?parent=23946"}],"wp:term":[{"taxonomy":"category","embeddable":true,"href":"https:\/\/answear.sk\/blog\/wp-json\/wp\/v2\/categories?post=23946"},{"taxonomy":"post_tag","embeddable":true,"href":"https:\/\/answear.sk\/blog\/wp-json\/wp\/v2\/tags?post=23946"}],"curies":[{"name":"wp","href":"https:\/\/api.w.org\/{rel}","templated":true}]}}