{"id":24030,"date":"2025-04-25T13:27:45","date_gmt":"2025-04-25T11:27:45","guid":{"rendered":"https:\/\/answear.sk\/blog\/?p=24030"},"modified":"2025-04-25T13:27:45","modified_gmt":"2025-04-25T11:27:45","slug":"trendy-farby-2025-co-si-ziska-modne-srdcia-tento-rok","status":"publish","type":"post","link":"https:\/\/answear.sk\/blog\/trendy-farby-2025-co-si-ziska-modne-srdcia-tento-rok\/24030","title":{"rendered":"Trendy farby 2025 \u2013 \u010do si z\u00edska m\u00f3dne srdcia tento rok?"},"content":{"rendered":"<span class=\"rt-reading-time\" style=\"display: block;\"><span class=\"rt-label rt-prefix\">\u010c\u00edtanie na <\/span> <span class=\"rt-time\">4<\/span> <span class=\"rt-label rt-postfix\">min\u00faty<\/span><\/span>\r\n<p><strong>Farebn\u00e1 paleta, ktor\u00e1 bude v m\u00f3de v roku 2025, je ovl\u00e1dnut\u00e1 neutr\u00e1lnymi a pastelov\u00fdmi odtie\u0148mi. Trendy zah\u0155\u0148aj\u00fa mno\u017estvo zauj\u00edmav\u00fdch n\u00e1vrhov, ktor\u00e9 vyu\u017eijete v akomko\u013evek \u0161t\u00fdle. Pozrite sa, ako kombinova\u0165 najmodernej\u0161ie farby. \u010co sa oplat\u00ed ma\u0165 v \u0161atn\u00edku?<\/strong><\/p>\r\n\r\n\r\n\r\n<!--more-->\r\n\r\n\r\n\r\n<h2 class=\"wp-block-heading\">Trendy farby 2025 \u2013 ktor\u00e9 odtiene bud\u00fa dominova\u0165 sez\u00f3ne?<\/h2>\r\n\r\n\r\n\r\n<p class=\"bigletter\">V\u00fdrazn\u00e9, \u017eiv\u00e9 a ne\u00f3nov\u00e9 farby u\u017e pomaly patria minulosti. V roku 2025 sa zameriame na tlmenej\u0161ie, svetlej\u0161ie odtiene, ktor\u00e9 vnes\u00fa do na\u0161ich \u0161atn\u00edkov viac sofistikovanosti. V kolekci\u00e1ch uzn\u00e1van\u00fdch zna\u010diek n\u00e1jdete mno\u017estvo \u201ehladk\u00fdch\u201c, \u0161t\u00fdlov\u00fdch t\u00f3nov \u2013 od \u010dokol\u00e1dovej hnedej a\u017e po cukr\u00edkov\u00fa ru\u017eov\u00fa. Medzi najmodernej\u0161\u00edmi farbami sa objavia aj niektor\u00e9 prekvapenia. Mandar\u00ednkov\u00e1 oran\u017eov\u00e1 je jedn\u00fdm z m\u00e1la energick\u00fdch n\u00e1vrhov.<\/p>\r\n\r\n\r\n<div class=\"wp-block-image\">\r\n<figure class=\"aligncenter size-large\"><img loading=\"lazy\" decoding=\"async\" width=\"463\" height=\"695\" src=\"https:\/\/answear.sk\/blog\/wp-content\/uploads\/2025\/04\/Ipanema-Sempre-Nova32842-768x1152-1-463x695.webp\" alt=\"\" class=\"wp-image-24033\" srcset=\"https:\/\/answear.sk\/blog\/wp-content\/uploads\/2025\/04\/Ipanema-Sempre-Nova32842-768x1152-1-463x695.webp 463w, https:\/\/answear.sk\/blog\/wp-content\/uploads\/2025\/04\/Ipanema-Sempre-Nova32842-768x1152-1.webp 768w\" sizes=\"(max-width: 463px) 100vw, 463px\" \/><\/figure><\/div>\r\n\r\n\r\n<p>V zozname nesmie ch\u00fdba\u0165 ani farba roka 2025 \u2013 Mocha Mousse. Dizajn\u00e9ri radi nasleduj\u00fa odpor\u00fa\u010dania Pantone Institute a t\u00fato farbu zaradili do svojich kolekci\u00ed. Bude vl\u00e1dnu\u0165 medzi hned\u00fdmi odtie\u0148mi. Sp\u00e1ja sa s nad\u010dasovou eleganciou a objavuje sa na oble\u010den\u00ed aj doplnkoch. Skvele sa kombinuje aj s \u010fal\u0161\u00edmi zemito laden\u00fdmi farbami, ktor\u00e9 sa v nadch\u00e1dzaj\u00facej sez\u00f3ne oplat\u00ed zaradi\u0165.<\/p>\r\n\r\n\r\n\r\n<h2 class=\"wp-block-heading\">Ak\u00e9 farby s\u00fa aktu\u00e1lne trendy? Nielen Mocha Mousse&#8230;<\/h2>\r\n\r\n\r\n\r\n<p>V najnov\u0161\u00edch trendoch n\u00e1jdete mno\u017estvo n\u00e1vrhov, ktor\u00e9 oslovia r\u00f4znorod\u00e9 vkusy. Karamelov\u00e9 odtiene hnedej pote\u0161ia fan\u00fa\u0161ikov klasiky aj boho \u0161t\u00fdlu, najm\u00e4 v kombin\u00e1cii so semi\u0161ov\u00fdm oble\u010den\u00edm. Hlbok\u00e1 smaragdov\u00e1 zelen\u00e1 o\u010dar\u00ed v elegantn\u00fdch kombin\u00e1ci\u00e1ch. Jej energickej\u0161\u00ed \u201es\u00farodenec\u201c \u2013 mentolov\u00e1 \u2013 prinesie do m\u00f3dy svie\u017ei vietor spolu s \u010fal\u0161\u00edmi pastelmi. Zabudnite aj na zlato \u2013 na jar 2025 sa spoliehame najm\u00e4 na striebro. Tento metalick\u00fd odtie\u0148 ozdob\u00ed top\u00e1nky, kabelky a in\u00e9 doplnky.<\/p>\r\n\r\n\r\n\r\n<div class=\"wp-block-buttons is-content-justification-center is-layout-flex wp-container-core-buttons-is-layout-1 wp-block-buttons-is-layout-flex\">\r\n<div class=\"wp-block-button\"><a class=\"wp-block-button__link wp-element-button\" href=\"https:\/\/answear.sk\/k\/ona?q=strieborna%20kabelka\">METALICK\u00c9 KABELKY<\/a><\/div>\r\n<\/div>\r\n\r\n\r\n\r\n<h2 class=\"wp-block-heading\">Pastelov\u00e1 hor\u00fa\u010dka<\/h2>\r\n\r\n\r\n\r\n<p>Jemn\u00e9, vybielen\u00e9 a miestami mierne \u201eza\u0161ednut\u00e9\u201c \u2013 tak\u00e9 bud\u00fa farby, ktor\u00e9 ovl\u00e1dnu trendy jar-leto 2025. Najm\u00f3dnej\u0161ie pastely prines\u00fa svie\u017eos\u0165 a vytvoria kontrast s neutr\u00e1lnymi, zemito laden\u00fdmi t\u00f3nmi. Ak\u00e9 konkr\u00e9tne odtiene sa oplat\u00ed ma\u0165 v \u0161atn\u00edku? Do popredia sa dost\u00e1va p\u00fadrov\u00e1 ru\u017eov\u00e1, maslov\u00e1 \u017elt\u00e1 a nebesky modr\u00e1. Vyu\u017eijete ich nielen v romantick\u00fdch outfitoch, ale aj v be\u017en\u00fdch ka\u017edodenn\u00fdch kombin\u00e1ci\u00e1ch.<\/p>\r\n\r\n\r\n\r\n<figure class=\"wp-block-gallery has-nested-images columns-default is-cropped wp-block-gallery-1 is-layout-flex wp-block-gallery-is-layout-flex\">\r\n<figure class=\"wp-block-image size-large\"><img loading=\"lazy\" decoding=\"async\" width=\"463\" height=\"695\" data-id=\"24034\" src=\"https:\/\/answear.sk\/blog\/wp-content\/uploads\/2025\/04\/20241023_PB_WLT_L21_021-463x695.jpg\" alt=\"\" class=\"wp-image-24034\" srcset=\"https:\/\/answear.sk\/blog\/wp-content\/uploads\/2025\/04\/20241023_PB_WLT_L21_021-463x695.jpg 463w, https:\/\/answear.sk\/blog\/wp-content\/uploads\/2025\/04\/20241023_PB_WLT_L21_021-768x1152.jpg 768w, https:\/\/answear.sk\/blog\/wp-content\/uploads\/2025\/04\/20241023_PB_WLT_L21_021-1024x1536.jpg 1024w, https:\/\/answear.sk\/blog\/wp-content\/uploads\/2025\/04\/20241023_PB_WLT_L21_021-1365x2048.jpg 1365w, https:\/\/answear.sk\/blog\/wp-content\/uploads\/2025\/04\/20241023_PB_WLT_L21_021-scaled.jpg 1707w\" sizes=\"(max-width: 463px) 100vw, 463px\" \/><\/figure>\r\n\r\n\r\n\r\n<figure class=\"wp-block-image size-large\"><img loading=\"lazy\" decoding=\"async\" width=\"463\" height=\"695\" data-id=\"24035\" src=\"https:\/\/answear.sk\/blog\/wp-content\/uploads\/2025\/04\/20241023_PB_WLT_L21_025-463x695.jpg\" alt=\"\" class=\"wp-image-24035\" srcset=\"https:\/\/answear.sk\/blog\/wp-content\/uploads\/2025\/04\/20241023_PB_WLT_L21_025-463x695.jpg 463w, https:\/\/answear.sk\/blog\/wp-content\/uploads\/2025\/04\/20241023_PB_WLT_L21_025-768x1152.jpg 768w, https:\/\/answear.sk\/blog\/wp-content\/uploads\/2025\/04\/20241023_PB_WLT_L21_025-1024x1536.jpg 1024w, https:\/\/answear.sk\/blog\/wp-content\/uploads\/2025\/04\/20241023_PB_WLT_L21_025-1365x2048.jpg 1365w, https:\/\/answear.sk\/blog\/wp-content\/uploads\/2025\/04\/20241023_PB_WLT_L21_025-scaled.jpg 1707w\" sizes=\"(max-width: 463px) 100vw, 463px\" \/><\/figure>\r\n<\/figure>\r\n\r\n\r\n\r\n<h2 class=\"wp-block-heading\">\u010cerven\u00e1 v menej ohnivej podobe<\/h2>\r\n\r\n\r\n\r\n<p>Jar je na jednej strane jemn\u00e1 a diev\u010densk\u00e1, no z\u00e1rove\u0148 prin\u00e1\u0161a prv\u00e9 n\u00e1znaky hor\u00faceho leta. Preto popri pastelov\u00fdch farb\u00e1ch nesm\u00fa ch\u00fdba\u0165 ani intenz\u00edvne t\u00f3ny. Hoci farba l\u00e1sky, \u0161\u0165astia a sebavedomia dominovala posledn\u00fdm sez\u00f3nam, st\u00e1le sa dr\u017e\u00ed na v\u00fdsln\u00ed. Objavuje sa na sak\u00e1ch, baler\u00ednkach aj klasick\u00fdch romantick\u00fdch \u0161at\u00e1ch \u2013 tentokr\u00e1t v\u0161ak v tlmenej\u0161ej, tmav\u0161ej verzii ako vi\u0161\u0148ovo \u010derven\u00e1. Tento odtie\u0148 je ide\u00e1lny pre elegantn\u00e9 kombin\u00e1cie.<\/p>\r\n\r\n\r\n\r\n<figure class=\"wp-block-gallery has-nested-images columns-default is-cropped wp-block-gallery-2 is-layout-flex wp-block-gallery-is-layout-flex\">\r\n<figure class=\"wp-block-image size-large\"><img loading=\"lazy\" decoding=\"async\" width=\"695\" height=\"695\" data-id=\"24040\" src=\"https:\/\/answear.sk\/blog\/wp-content\/uploads\/2025\/04\/never-fully-dressed-cardigan-7-1-695x695.jpg\" alt=\"\" class=\"wp-image-24040\" srcset=\"https:\/\/answear.sk\/blog\/wp-content\/uploads\/2025\/04\/never-fully-dressed-cardigan-7-1-695x695.jpg 695w, https:\/\/answear.sk\/blog\/wp-content\/uploads\/2025\/04\/never-fully-dressed-cardigan-7-1-45x45.jpg 45w, https:\/\/answear.sk\/blog\/wp-content\/uploads\/2025\/04\/never-fully-dressed-cardigan-7-1.jpg 750w\" sizes=\"(max-width: 695px) 100vw, 695px\" \/><\/figure>\r\n\r\n\r\n\r\n<figure class=\"wp-block-image size-large\"><img loading=\"lazy\" decoding=\"async\" width=\"695\" height=\"695\" data-id=\"24041\" src=\"https:\/\/answear.sk\/blog\/wp-content\/uploads\/2025\/04\/nfd-mono-crochet-tilly-dress-695x695.jpg\" alt=\"\" class=\"wp-image-24041\" srcset=\"https:\/\/answear.sk\/blog\/wp-content\/uploads\/2025\/04\/nfd-mono-crochet-tilly-dress-695x695.jpg 695w, https:\/\/answear.sk\/blog\/wp-content\/uploads\/2025\/04\/nfd-mono-crochet-tilly-dress-45x45.jpg 45w, https:\/\/answear.sk\/blog\/wp-content\/uploads\/2025\/04\/nfd-mono-crochet-tilly-dress.jpg 750w\" sizes=\"(max-width: 695px) 100vw, 695px\" \/><\/figure>\r\n\r\n\r\n\r\n<figure class=\"wp-block-image size-large\"><img loading=\"lazy\" decoding=\"async\" width=\"463\" height=\"695\" data-id=\"24042\" src=\"https:\/\/answear.sk\/blog\/wp-content\/uploads\/2025\/04\/nfd-valentine-mesh-2-1-463x695.jpg\" alt=\"\" class=\"wp-image-24042\" srcset=\"https:\/\/answear.sk\/blog\/wp-content\/uploads\/2025\/04\/nfd-valentine-mesh-2-1-463x695.jpg 463w, https:\/\/answear.sk\/blog\/wp-content\/uploads\/2025\/04\/nfd-valentine-mesh-2-1.jpg 750w\" sizes=\"(max-width: 463px) 100vw, 463px\" \/><\/figure>\r\n<\/figure>\r\n\r\n\r\n\r\n<h2 class=\"wp-block-heading\">Trendy farby jar-leto 2025 \u2013 sprievodca najhor\u00facej\u0161\u00edmi trendmi<\/h2>\r\n\r\n\r\n\r\n<p>Trendy pre jar a leto 2025 sa net\u00fdkaj\u00fa len farieb. Zameriavaj\u00fa sa aj na materi\u00e1ly, strihy a estetiku, ktor\u00e1 si z\u00edskava srdcia milovn\u00edkov m\u00f3dy po celom svete. Ako ich v\u0161etky zladi\u0165?<\/p>\r\n\r\n\r\n\r\n<p>Nesmierne svie\u017ee a upokojuj\u00face odtiene modrej sa objavia na klasick\u00fdch ko\u0161e\u013eov\u00fdch \u0161at\u00e1ch alebo sat\u00e9nov\u00fdch modeloch, ktor\u00e9 sa stan\u00fa hitom. Pastelov\u00e9 ru\u017eov\u00e9 t\u00f3ny n\u00e1jdete v romantick\u00fdch k\u00faskoch s tylom. Maslov\u00fa \u017elt\u00fa vyu\u017eijete napr\u00edklad v \u0161t\u00fdle in\u0161pirovanom ryb\u00e1rskou estetikou \u2013 \u010fal\u0161\u00edm hor\u00facim trendom roka 2025 \u2013 a skvelo sa hod\u00ed k pleten\u00fdm vest\u00e1m. Mocha Mousse zas vynikne na semi\u0161ov\u00fdch bund\u00e1ch, kabelk\u00e1ch s strapcami a kab\u00e1toch.<\/p>\r\n\r\n\r\n\r\n<figure class=\"wp-block-gallery has-nested-images columns-default is-cropped wp-block-gallery-3 is-layout-flex wp-block-gallery-is-layout-flex\">\r\n<figure class=\"wp-block-image size-large\"><img loading=\"lazy\" decoding=\"async\" width=\"556\" height=\"695\" data-id=\"24037\" src=\"https:\/\/answear.sk\/blog\/wp-content\/uploads\/2025\/04\/250122_Medicine_D3_4447_v2-556x695.jpg\" alt=\"\" class=\"wp-image-24037\" srcset=\"https:\/\/answear.sk\/blog\/wp-content\/uploads\/2025\/04\/250122_Medicine_D3_4447_v2-556x695.jpg 556w, https:\/\/answear.sk\/blog\/wp-content\/uploads\/2025\/04\/250122_Medicine_D3_4447_v2-768x960.jpg 768w, https:\/\/answear.sk\/blog\/wp-content\/uploads\/2025\/04\/250122_Medicine_D3_4447_v2-1229x1536.jpg 1229w, https:\/\/answear.sk\/blog\/wp-content\/uploads\/2025\/04\/250122_Medicine_D3_4447_v2-1638x2048.jpg 1638w, https:\/\/answear.sk\/blog\/wp-content\/uploads\/2025\/04\/250122_Medicine_D3_4447_v2-scaled.jpg 2048w\" sizes=\"(max-width: 556px) 100vw, 556px\" \/><\/figure>\r\n\r\n\r\n\r\n<figure class=\"wp-block-image size-large\"><img loading=\"lazy\" decoding=\"async\" width=\"556\" height=\"695\" data-id=\"24036\" src=\"https:\/\/answear.sk\/blog\/wp-content\/uploads\/2025\/04\/250122_Medicine_D3_4665_v2-556x695.jpg\" alt=\"\" class=\"wp-image-24036\" srcset=\"https:\/\/answear.sk\/blog\/wp-content\/uploads\/2025\/04\/250122_Medicine_D3_4665_v2-556x695.jpg 556w, https:\/\/answear.sk\/blog\/wp-content\/uploads\/2025\/04\/250122_Medicine_D3_4665_v2-768x960.jpg 768w, https:\/\/answear.sk\/blog\/wp-content\/uploads\/2025\/04\/250122_Medicine_D3_4665_v2-1229x1536.jpg 1229w, https:\/\/answear.sk\/blog\/wp-content\/uploads\/2025\/04\/250122_Medicine_D3_4665_v2-1638x2048.jpg 1638w, https:\/\/answear.sk\/blog\/wp-content\/uploads\/2025\/04\/250122_Medicine_D3_4665_v2-scaled.jpg 2048w\" sizes=\"(max-width: 556px) 100vw, 556px\" \/><\/figure>\r\n<\/figure>\r\n\r\n\r\n\r\n<h2 class=\"wp-block-heading\">Najm\u00f3dnej\u0161ie farby roku 2025 \u2013 ak\u00e9 kombin\u00e1cie sa oplat\u00ed vysk\u00fa\u0161a\u0165?<\/h2>\r\n\r\n\r\n\r\n<p>Aby ste naplno vyu\u017eili najnov\u0161ie m\u00f3dne trendy, nau\u010dte sa ich odv\u00e1\u017ene kombinova\u0165. Pastelov\u00e9 farby, ktor\u00e9 bud\u00fa dominova\u0165 sez\u00f3ne, pokojne mixujte medzi sebou. Hravo p\u00f4sob\u00ed spojenie ru\u017eovej s bledou \u017eltou. Naopak, odtiene modrej sa kr\u00e1sne dop\u013a\u0148aj\u00fa s farbou Mocha Mousse.<\/p>\r\n\r\n\r\n\r\n<figure class=\"wp-block-gallery has-nested-images columns-default is-cropped wp-block-gallery-4 is-layout-flex wp-block-gallery-is-layout-flex\">\r\n<figure class=\"wp-block-image size-large\"><img loading=\"lazy\" decoding=\"async\" width=\"463\" height=\"695\" data-id=\"24038\" src=\"https:\/\/answear.sk\/blog\/wp-content\/uploads\/2025\/04\/never-fully-dressed-mini-soller-dress2-463x695.jpg\" alt=\"\" class=\"wp-image-24038\" srcset=\"https:\/\/answear.sk\/blog\/wp-content\/uploads\/2025\/04\/never-fully-dressed-mini-soller-dress2-463x695.jpg 463w, https:\/\/answear.sk\/blog\/wp-content\/uploads\/2025\/04\/never-fully-dressed-mini-soller-dress2.jpg 750w\" sizes=\"(max-width: 463px) 100vw, 463px\" \/><\/figure>\r\n\r\n\r\n\r\n<figure class=\"wp-block-image size-large\"><img loading=\"lazy\" decoding=\"async\" width=\"463\" height=\"695\" data-id=\"24039\" src=\"https:\/\/answear.sk\/blog\/wp-content\/uploads\/2025\/04\/never-fully-dressed-reversible-coat-1_92a87538-fb23-48a1-92f5-618ec3da318e-463x695.jpg\" alt=\"\" class=\"wp-image-24039\" srcset=\"https:\/\/answear.sk\/blog\/wp-content\/uploads\/2025\/04\/never-fully-dressed-reversible-coat-1_92a87538-fb23-48a1-92f5-618ec3da318e-463x695.jpg 463w, https:\/\/answear.sk\/blog\/wp-content\/uploads\/2025\/04\/never-fully-dressed-reversible-coat-1_92a87538-fb23-48a1-92f5-618ec3da318e.jpg 750w\" sizes=\"(max-width: 463px) 100vw, 463px\" \/><\/figure>\r\n<\/figure>\r\n\r\n\r\n\r\n<p>Na prehliadkov\u00fdch m\u00f3lach nech\u00fdbali ani monochromatick\u00e9 outfity. S\u00fa ide\u00e1lnou vo\u013ebou pre t\u00fdch, ktor\u00ed sa radi spoliehaj\u00fa na overen\u00e9 rie\u0161enia. Jednofarebn\u00fd \u0161t\u00fdl v\u00fdborne funguje pri kost\u00fdmoch \u010di maxi \u0161at\u00e1ch.<\/p>\r\n\r\n\r\n\r\n<p class=\"kropka\">M\u00f3da 2025 pon\u00faka \u0161irok\u00e9 spektrum farieb \u2013 od tepl\u00fdch odtie\u0148ov hnedej a\u017e po vybielen\u00e9 pastely. V\u010faka tomu si m\u00f4\u017eete vybra\u0165 z mno\u017estva zauj\u00edmav\u00fdch n\u00e1vrhov a vst\u00fapi\u0165 do novej sez\u00f3ny sebavedome. Sledujte na\u0161e tipy a vytv\u00e1rajte m\u00f3dne outfity, \u010di u\u017e v le\u017e\u00e9rnom alebo elegantnom \u0161t\u00fdle.<\/p>\r\n","protected":false},"excerpt":{"rendered":"<p><span class=\"rt-reading-time\" style=\"display: block;\"><span class=\"rt-label rt-prefix\">\u010c\u00edtanie na <\/span> <span class=\"rt-time\">4<\/span> <span class=\"rt-label rt-postfix\">min\u00faty<\/span><\/span> Farebn\u00e1 paleta, ktor\u00e1 bude v m\u00f3de v roku 2025, je ovl\u00e1dnut\u00e1 neutr\u00e1lnymi a pastelov\u00fdmi odtie\u0148mi. Trendy zah\u0155\u0148aj\u00fa mno\u017estvo zauj\u00edmav\u00fdch n\u00e1vrhov, ktor\u00e9 vyu\u017eijete v akomko\u013evek \u0161t\u00fdle. Pozrite sa, ako kombinova\u0165 najmodernej\u0161ie farby. \u010co sa oplat\u00ed ma\u0165 v \u0161atn\u00edku?<\/p>\n","protected":false},"author":37,"featured_media":24031,"comment_status":"closed","ping_status":"closed","sticky":false,"template":"","format":"standard","meta":{"footnotes":""},"categories":[676],"tags":[],"yoast_head":"<!-- This site is optimized with the Yoast SEO plugin v22.2 - https:\/\/yoast.com\/wordpress\/plugins\/seo\/ -->\n<title>Trendy farby 2025 \u2013 \u010do si z\u00edska m\u00f3dne srdcia tento rok? - answear.sk blog<\/title>\n<meta name=\"description\" content=\"Farebn\u00e1 paleta, ktor\u00e1 bude v m\u00f3de v roku 2025, je ovl\u00e1dnut\u00e1 neutr\u00e1lnymi a pastelov\u00fdmi odtie\u0148mi. Trendy zah\u0155\u0148aj\u00fa mno\u017estvo zauj\u00edmav\u00fdch n\u00e1vrhov, ktor\u00e9\" \/>\n<meta name=\"robots\" content=\"index, follow, max-snippet:-1, max-image-preview:large, max-video-preview:-1\" \/>\n<link rel=\"canonical\" href=\"https:\/\/answear.sk\/blog\/trendy-farby-2025-co-si-ziska-modne-srdcia-tento-rok\/24030\" \/>\n<meta property=\"og:locale\" content=\"sk_SK\" \/>\n<meta property=\"og:type\" content=\"article\" \/>\n<meta property=\"og:title\" content=\"Trendy farby 2025 \u2013 \u010do si z\u00edska m\u00f3dne srdcia tento rok? - answear.sk blog\" \/>\n<meta property=\"og:description\" content=\"Farebn\u00e1 paleta, ktor\u00e1 bude v m\u00f3de v roku 2025, je ovl\u00e1dnut\u00e1 neutr\u00e1lnymi a pastelov\u00fdmi odtie\u0148mi. Trendy zah\u0155\u0148aj\u00fa mno\u017estvo zauj\u00edmav\u00fdch n\u00e1vrhov, ktor\u00e9\" \/>\n<meta property=\"og:url\" content=\"https:\/\/answear.sk\/blog\/trendy-farby-2025-co-si-ziska-modne-srdcia-tento-rok\/24030\" \/>\n<meta property=\"og:site_name\" content=\"answear.sk blog\" \/>\n<meta property=\"article:published_time\" content=\"2025-04-25T11:27:45+00:00\" \/>\n<meta property=\"og:image\" content=\"https:\/\/answear.sk\/blog\/wp-content\/uploads\/2025\/04\/Ipanema-Sempre-Nova32791-1680x695-1.webp\" \/>\n\t<meta property=\"og:image:width\" content=\"1680\" \/>\n\t<meta property=\"og:image:height\" content=\"695\" \/>\n\t<meta property=\"og:image:type\" content=\"image\/webp\" \/>\n<meta name=\"author\" content=\"Michaela\" \/>\n<meta name=\"twitter:card\" content=\"summary_large_image\" \/>\n<meta name=\"twitter:label1\" content=\"Autor\" \/>\n\t<meta name=\"twitter:data1\" content=\"Michaela\" \/>\n\t<meta name=\"twitter:label2\" content=\"Predpokladan\u00fd \u010das \u010d\u00edtania\" \/>\n\t<meta name=\"twitter:data2\" content=\"6 min\u00fat\" \/>\n<script type=\"application\/ld+json\" class=\"yoast-schema-graph\">{\"@context\":\"https:\/\/schema.org\",\"@graph\":[{\"@type\":\"WebPage\",\"@id\":\"https:\/\/answear.sk\/blog\/trendy-farby-2025-co-si-ziska-modne-srdcia-tento-rok\/24030\",\"url\":\"https:\/\/answear.sk\/blog\/trendy-farby-2025-co-si-ziska-modne-srdcia-tento-rok\/24030\",\"name\":\"Trendy farby 2025 \u2013 \u010do si z\u00edska m\u00f3dne srdcia tento rok? - answear.sk blog\",\"isPartOf\":{\"@id\":\"https:\/\/answear.sk\/blog\/#website\"},\"primaryImageOfPage\":{\"@id\":\"https:\/\/answear.sk\/blog\/trendy-farby-2025-co-si-ziska-modne-srdcia-tento-rok\/24030#primaryimage\"},\"image\":{\"@id\":\"https:\/\/answear.sk\/blog\/trendy-farby-2025-co-si-ziska-modne-srdcia-tento-rok\/24030#primaryimage\"},\"thumbnailUrl\":\"https:\/\/answear.sk\/blog\/wp-content\/uploads\/2025\/04\/Ipanema-Sempre-Nova32791-1680x695-1.webp\",\"datePublished\":\"2025-04-25T11:27:45+00:00\",\"dateModified\":\"2025-04-25T11:27:45+00:00\",\"author\":{\"@id\":\"https:\/\/answear.sk\/blog\/#\/schema\/person\/d74cf30355490c4f5593af0380ad73b8\"},\"description\":\"Farebn\u00e1 paleta, ktor\u00e1 bude v m\u00f3de v roku 2025, je ovl\u00e1dnut\u00e1 neutr\u00e1lnymi a pastelov\u00fdmi odtie\u0148mi. Trendy zah\u0155\u0148aj\u00fa mno\u017estvo zauj\u00edmav\u00fdch n\u00e1vrhov, ktor\u00e9\",\"breadcrumb\":{\"@id\":\"https:\/\/answear.sk\/blog\/trendy-farby-2025-co-si-ziska-modne-srdcia-tento-rok\/24030#breadcrumb\"},\"inLanguage\":\"sk-SK\",\"potentialAction\":[{\"@type\":\"ReadAction\",\"target\":[\"https:\/\/answear.sk\/blog\/trendy-farby-2025-co-si-ziska-modne-srdcia-tento-rok\/24030\"]}]},{\"@type\":\"ImageObject\",\"inLanguage\":\"sk-SK\",\"@id\":\"https:\/\/answear.sk\/blog\/trendy-farby-2025-co-si-ziska-modne-srdcia-tento-rok\/24030#primaryimage\",\"url\":\"https:\/\/answear.sk\/blog\/wp-content\/uploads\/2025\/04\/Ipanema-Sempre-Nova32791-1680x695-1.webp\",\"contentUrl\":\"https:\/\/answear.sk\/blog\/wp-content\/uploads\/2025\/04\/Ipanema-Sempre-Nova32791-1680x695-1.webp\",\"width\":1680,\"height\":695},{\"@type\":\"BreadcrumbList\",\"@id\":\"https:\/\/answear.sk\/blog\/trendy-farby-2025-co-si-ziska-modne-srdcia-tento-rok\/24030#breadcrumb\",\"itemListElement\":[{\"@type\":\"ListItem\",\"position\":1,\"name\":\"Domovsk\u00e1 str\u00e1nka\",\"item\":\"https:\/\/answear.sk\/blog\/\"},{\"@type\":\"ListItem\",\"position\":2,\"name\":\"Trendy farby 2025 \u2013 \u010do si z\u00edska m\u00f3dne srdcia tento rok?\"}]},{\"@type\":\"WebSite\",\"@id\":\"https:\/\/answear.sk\/blog\/#website\",\"url\":\"https:\/\/answear.sk\/blog\/\",\"name\":\"answear.sk blog\",\"description\":\"M\u00f3da, trendy, rady a tipy od stylistov, novinky zo sveta m\u00f3dy. We know the ANSWEAR ;-)\",\"potentialAction\":[{\"@type\":\"SearchAction\",\"target\":{\"@type\":\"EntryPoint\",\"urlTemplate\":\"https:\/\/answear.sk\/blog\/?s={search_term_string}\"},\"query-input\":\"required name=search_term_string\"}],\"inLanguage\":\"sk-SK\"},{\"@type\":\"Person\",\"@id\":\"https:\/\/answear.sk\/blog\/#\/schema\/person\/d74cf30355490c4f5593af0380ad73b8\",\"name\":\"Michaela\",\"image\":{\"@type\":\"ImageObject\",\"inLanguage\":\"sk-SK\",\"@id\":\"https:\/\/answear.sk\/blog\/#\/schema\/person\/image\/\",\"url\":\"https:\/\/secure.gravatar.com\/avatar\/18f0c4fbe526d147f1b3894de0ce040d?s=96&d=mm&r=g\",\"contentUrl\":\"https:\/\/secure.gravatar.com\/avatar\/18f0c4fbe526d147f1b3894de0ce040d?s=96&d=mm&r=g\",\"caption\":\"Michaela\"},\"url\":\"https:\/\/answear.sk\/blog\/author\/michaela\"}]}<\/script>\n<!-- \/ Yoast SEO plugin. -->","yoast_head_json":{"title":"Trendy farby 2025 \u2013 \u010do si z\u00edska m\u00f3dne srdcia tento rok? - answear.sk blog","description":"Farebn\u00e1 paleta, ktor\u00e1 bude v m\u00f3de v roku 2025, je ovl\u00e1dnut\u00e1 neutr\u00e1lnymi a pastelov\u00fdmi odtie\u0148mi. Trendy zah\u0155\u0148aj\u00fa mno\u017estvo zauj\u00edmav\u00fdch n\u00e1vrhov, ktor\u00e9","robots":{"index":"index","follow":"follow","max-snippet":"max-snippet:-1","max-image-preview":"max-image-preview:large","max-video-preview":"max-video-preview:-1"},"canonical":"https:\/\/answear.sk\/blog\/trendy-farby-2025-co-si-ziska-modne-srdcia-tento-rok\/24030","og_locale":"sk_SK","og_type":"article","og_title":"Trendy farby 2025 \u2013 \u010do si z\u00edska m\u00f3dne srdcia tento rok? - answear.sk blog","og_description":"Farebn\u00e1 paleta, ktor\u00e1 bude v m\u00f3de v roku 2025, je ovl\u00e1dnut\u00e1 neutr\u00e1lnymi a pastelov\u00fdmi odtie\u0148mi. Trendy zah\u0155\u0148aj\u00fa mno\u017estvo zauj\u00edmav\u00fdch n\u00e1vrhov, ktor\u00e9","og_url":"https:\/\/answear.sk\/blog\/trendy-farby-2025-co-si-ziska-modne-srdcia-tento-rok\/24030","og_site_name":"answear.sk blog","article_published_time":"2025-04-25T11:27:45+00:00","og_image":[{"width":1680,"height":695,"url":"https:\/\/answear.sk\/blog\/wp-content\/uploads\/2025\/04\/Ipanema-Sempre-Nova32791-1680x695-1.webp","type":"image\/webp"}],"author":"Michaela","twitter_card":"summary_large_image","twitter_misc":{"Autor":"Michaela","Predpokladan\u00fd \u010das \u010d\u00edtania":"6 min\u00fat"},"schema":{"@context":"https:\/\/schema.org","@graph":[{"@type":"WebPage","@id":"https:\/\/answear.sk\/blog\/trendy-farby-2025-co-si-ziska-modne-srdcia-tento-rok\/24030","url":"https:\/\/answear.sk\/blog\/trendy-farby-2025-co-si-ziska-modne-srdcia-tento-rok\/24030","name":"Trendy farby 2025 \u2013 \u010do si z\u00edska m\u00f3dne srdcia tento rok? - answear.sk blog","isPartOf":{"@id":"https:\/\/answear.sk\/blog\/#website"},"primaryImageOfPage":{"@id":"https:\/\/answear.sk\/blog\/trendy-farby-2025-co-si-ziska-modne-srdcia-tento-rok\/24030#primaryimage"},"image":{"@id":"https:\/\/answear.sk\/blog\/trendy-farby-2025-co-si-ziska-modne-srdcia-tento-rok\/24030#primaryimage"},"thumbnailUrl":"https:\/\/answear.sk\/blog\/wp-content\/uploads\/2025\/04\/Ipanema-Sempre-Nova32791-1680x695-1.webp","datePublished":"2025-04-25T11:27:45+00:00","dateModified":"2025-04-25T11:27:45+00:00","author":{"@id":"https:\/\/answear.sk\/blog\/#\/schema\/person\/d74cf30355490c4f5593af0380ad73b8"},"description":"Farebn\u00e1 paleta, ktor\u00e1 bude v m\u00f3de v roku 2025, je ovl\u00e1dnut\u00e1 neutr\u00e1lnymi a pastelov\u00fdmi odtie\u0148mi. Trendy zah\u0155\u0148aj\u00fa mno\u017estvo zauj\u00edmav\u00fdch n\u00e1vrhov, ktor\u00e9","breadcrumb":{"@id":"https:\/\/answear.sk\/blog\/trendy-farby-2025-co-si-ziska-modne-srdcia-tento-rok\/24030#breadcrumb"},"inLanguage":"sk-SK","potentialAction":[{"@type":"ReadAction","target":["https:\/\/answear.sk\/blog\/trendy-farby-2025-co-si-ziska-modne-srdcia-tento-rok\/24030"]}]},{"@type":"ImageObject","inLanguage":"sk-SK","@id":"https:\/\/answear.sk\/blog\/trendy-farby-2025-co-si-ziska-modne-srdcia-tento-rok\/24030#primaryimage","url":"https:\/\/answear.sk\/blog\/wp-content\/uploads\/2025\/04\/Ipanema-Sempre-Nova32791-1680x695-1.webp","contentUrl":"https:\/\/answear.sk\/blog\/wp-content\/uploads\/2025\/04\/Ipanema-Sempre-Nova32791-1680x695-1.webp","width":1680,"height":695},{"@type":"BreadcrumbList","@id":"https:\/\/answear.sk\/blog\/trendy-farby-2025-co-si-ziska-modne-srdcia-tento-rok\/24030#breadcrumb","itemListElement":[{"@type":"ListItem","position":1,"name":"Domovsk\u00e1 str\u00e1nka","item":"https:\/\/answear.sk\/blog\/"},{"@type":"ListItem","position":2,"name":"Trendy farby 2025 \u2013 \u010do si z\u00edska m\u00f3dne srdcia tento rok?"}]},{"@type":"WebSite","@id":"https:\/\/answear.sk\/blog\/#website","url":"https:\/\/answear.sk\/blog\/","name":"answear.sk blog","description":"M\u00f3da, trendy, rady a tipy od stylistov, novinky zo sveta m\u00f3dy. We know the ANSWEAR ;-)","potentialAction":[{"@type":"SearchAction","target":{"@type":"EntryPoint","urlTemplate":"https:\/\/answear.sk\/blog\/?s={search_term_string}"},"query-input":"required name=search_term_string"}],"inLanguage":"sk-SK"},{"@type":"Person","@id":"https:\/\/answear.sk\/blog\/#\/schema\/person\/d74cf30355490c4f5593af0380ad73b8","name":"Michaela","image":{"@type":"ImageObject","inLanguage":"sk-SK","@id":"https:\/\/answear.sk\/blog\/#\/schema\/person\/image\/","url":"https:\/\/secure.gravatar.com\/avatar\/18f0c4fbe526d147f1b3894de0ce040d?s=96&d=mm&r=g","contentUrl":"https:\/\/secure.gravatar.com\/avatar\/18f0c4fbe526d147f1b3894de0ce040d?s=96&d=mm&r=g","caption":"Michaela"},"url":"https:\/\/answear.sk\/blog\/author\/michaela"}]}},"_links":{"self":[{"href":"https:\/\/answear.sk\/blog\/wp-json\/wp\/v2\/posts\/24030"}],"collection":[{"href":"https:\/\/answear.sk\/blog\/wp-json\/wp\/v2\/posts"}],"about":[{"href":"https:\/\/answear.sk\/blog\/wp-json\/wp\/v2\/types\/post"}],"author":[{"embeddable":true,"href":"https:\/\/answear.sk\/blog\/wp-json\/wp\/v2\/users\/37"}],"replies":[{"embeddable":true,"href":"https:\/\/answear.sk\/blog\/wp-json\/wp\/v2\/comments?post=24030"}],"version-history":[{"count":4,"href":"https:\/\/answear.sk\/blog\/wp-json\/wp\/v2\/posts\/24030\/revisions"}],"predecessor-version":[{"id":24045,"href":"https:\/\/answear.sk\/blog\/wp-json\/wp\/v2\/posts\/24030\/revisions\/24045"}],"wp:featuredmedia":[{"embeddable":true,"href":"https:\/\/answear.sk\/blog\/wp-json\/wp\/v2\/media\/24031"}],"wp:attachment":[{"href":"https:\/\/answear.sk\/blog\/wp-json\/wp\/v2\/media?parent=24030"}],"wp:term":[{"taxonomy":"category","embeddable":true,"href":"https:\/\/answear.sk\/blog\/wp-json\/wp\/v2\/categories?post=24030"},{"taxonomy":"post_tag","embeddable":true,"href":"https:\/\/answear.sk\/blog\/wp-json\/wp\/v2\/tags?post=24030"}],"curies":[{"name":"wp","href":"https:\/\/api.w.org\/{rel}","templated":true}]}}