{"id":24123,"date":"2025-05-28T13:15:11","date_gmt":"2025-05-28T11:15:11","guid":{"rendered":"https:\/\/answear.sk\/blog\/?p=24123"},"modified":"2025-05-28T13:26:27","modified_gmt":"2025-05-28T11:26:27","slug":"bimba-y-lola-esteticka-citlivost-s-necakanym-zvratom","status":"publish","type":"post","link":"https:\/\/answear.sk\/blog\/bimba-y-lola-esteticka-citlivost-s-necakanym-zvratom\/24123","title":{"rendered":"Bimba y Lola \u2013 estetick\u00e1 citlivos\u0165 s ne\u010dakan\u00fdm zvratom"},"content":{"rendered":"<span class=\"rt-reading-time\" style=\"display: block;\"><span class=\"rt-label rt-prefix\">\u010c\u00edtanie na <\/span> <span class=\"rt-time\">3<\/span> <span class=\"rt-label rt-postfix\">min\u00faty<\/span><\/span>\r\n<p><strong>Vigo, najv\u00e4\u010d\u0161ie mesto Gal\u00edcie, je zn\u00e1me svoj\u00edm premenliv\u00fdm po\u010das\u00edm \u2013 d\u00e1\u017e\u010f a oblaky sprev\u00e1dzaj\u00fa jeho obyvate\u013eov v priemere viac ako 130 dn\u00ed v roku. T\u00e1to oce\u00e1nska kl\u00edma to v\u0161ak bohato vynahr\u00e1dza bujnou zele\u0148ou lesov a divokou kr\u00e1sou pobre\u017eia. Vo Vigu je d\u00e1\u017ednik nevyhnutnos\u0165ou a melancholick\u00e1 atmosf\u00e9ra mesta sa akoby vn\u00e1\u0161ala aj do jeho estetiky \u2013 sta\u010d\u00ed sa pozrie\u0165 na v\u00fdrazn\u00e9 dizajny zna\u010dky Bimba y Lola.<\/strong><\/p>\r\n\r\n\r\n\r\n<p><!--more--><\/p>\r\n\r\n\r\n\r\n<p class=\"bigletter\">Za\u010dalo sa to takto: dve sestry z Gal\u00edcie, v\u00e1\u0161e\u0148 pre m\u00f3du a&#8230;: Bimba a Lola. Dnes je Bimba y Lola jednou z najv\u00fdraznej\u0161\u00edch \u0161panielskych zna\u010diek, ktorej osobit\u00fd \u2013 ba a\u017e mierne excentrick\u00fd \u2013 \u0161t\u00fdl si zamilovali \u017eeny po celom svete. M\u00f3dny biznis mali sestry v krvi \u2013 Ux\u00eda a Mar\u00eda Dom\u00ednguez s\u00fa netere legend\u00e1rneho n\u00e1vrh\u00e1ra Adolfa Dom\u00edngueza. Zna\u010dka sa v relat\u00edvne kr\u00e1tkom \u010dase premenila na skuto\u010dn\u00e9 m\u00f3dne imp\u00e9rium, ktor\u00e9 nielen ud\u00e1va trendy, ale pon\u00faka aj vlastn\u00e9 po\u0148atie luxusu.<\/p>\r\n\r\n\r\n\r\n<figure class=\"wp-block-gallery has-nested-images columns-default is-cropped wp-block-gallery-1 is-layout-flex wp-block-gallery-is-layout-flex\">\r\n<figure class=\"wp-block-image size-large\"><img loading=\"lazy\" decoding=\"async\" width=\"464\" height=\"695\" data-id=\"24126\" class=\"wp-image-24126\" src=\"https:\/\/answear.sk\/blog\/wp-content\/uploads\/2025\/05\/BIMBA-Y-LOLA-SS25_001-1-464x695.jpg\" alt=\"\" srcset=\"https:\/\/answear.sk\/blog\/wp-content\/uploads\/2025\/05\/BIMBA-Y-LOLA-SS25_001-1-464x695.jpg 464w, https:\/\/answear.sk\/blog\/wp-content\/uploads\/2025\/05\/BIMBA-Y-LOLA-SS25_001-1-768x1151.jpg 768w, https:\/\/answear.sk\/blog\/wp-content\/uploads\/2025\/05\/BIMBA-Y-LOLA-SS25_001-1-1025x1536.jpg 1025w, https:\/\/answear.sk\/blog\/wp-content\/uploads\/2025\/05\/BIMBA-Y-LOLA-SS25_001-1-1366x2048.jpg 1366w, https:\/\/answear.sk\/blog\/wp-content\/uploads\/2025\/05\/BIMBA-Y-LOLA-SS25_001-1-scaled.jpg 1708w\" sizes=\"(max-width: 464px) 100vw, 464px\" \/><\/figure>\r\n<\/figure>\r\n\r\n\r\n\r\n<p>Bimba y Lola je synonymom \u201eluxusu pre v\u0161etk\u00fdch\u201c \u2013 nie leskl\u00e9ho a ok\u00e1zal\u00e9ho, ale dostupn\u00e9ho, prirodzen\u00e9ho a predov\u0161etk\u00fdm \u0161t\u00fdlov\u00e9ho. Ich kabelky, oble\u010denie a doplnky okam\u017eite up\u00fataj\u00fa pozornos\u0165 v\u010faka origin\u00e1lnemu dizajnu a vysokej kvalite. Je to zna\u010dka pre \u017eeny, ktor\u00e9 chc\u00fa vy\u010dnieva\u0165 z davu a v m\u00f3de h\u013eadaj\u00fa rados\u0165, nielen v\u00e1\u017enos\u0165.<\/p>\r\n\r\n\r\n\r\n<div class=\"wp-block-buttons is-content-justification-center is-layout-flex wp-container-core-buttons-is-layout-1 wp-block-buttons-is-layout-flex\">\r\n<div class=\"wp-block-button\"><a class=\"wp-block-button__link has-text-align-center wp-element-button\" href=\"https:\/\/answear.sk\/m\/bimba-y-lola\/\">Bimba y Lola<\/a><\/div>\r\n<\/div>\r\n\r\n\r\n\r\n<p>V dizajne Bimba y Lola c\u00edti\u0165 temperament \u0160panielska \u2013 farby maj\u00fa odvahu a tvary charakter. Jeden de\u0148 si vezmete ne\u00f3nov\u00fa geometrick\u00fa kabelku, druh\u00fd de\u0148 sat\u00e9nov\u00fa suk\u0148u s potla\u010dou pripom\u00ednaj\u00facou detsk\u00fd kaleidoskop. Zna\u010dka sa neboj\u00ed prekvapova\u0165, hra\u0165 sa s proporciami a siaha\u0165 po mot\u00edvoch, ktor\u00e9 vystupuj\u00fa z be\u017enej m\u00f3dy. A pritom je ka\u017ed\u00fd k\u00fasok neuverite\u013ene funk\u010dn\u00fd \u2013 dokonal\u00fd kompromis, \u010di u\u017e na v\u00edkend v Par\u00ed\u017ei, alebo pondelok v kancel\u00e1rii.<\/p>\r\n\r\n\r\n\r\n<figure class=\"wp-block-gallery has-nested-images columns-default is-cropped wp-block-gallery-2 is-layout-flex wp-block-gallery-is-layout-flex\">\r\n<figure class=\"wp-block-image size-large\"><img loading=\"lazy\" decoding=\"async\" width=\"464\" height=\"695\" data-id=\"24127\" class=\"wp-image-24127\" src=\"https:\/\/answear.sk\/blog\/wp-content\/uploads\/2025\/05\/BIMBA-Y-LOLA-SS25_002-464x695.jpg\" alt=\"\" srcset=\"https:\/\/answear.sk\/blog\/wp-content\/uploads\/2025\/05\/BIMBA-Y-LOLA-SS25_002-464x695.jpg 464w, https:\/\/answear.sk\/blog\/wp-content\/uploads\/2025\/05\/BIMBA-Y-LOLA-SS25_002-768x1151.jpg 768w, https:\/\/answear.sk\/blog\/wp-content\/uploads\/2025\/05\/BIMBA-Y-LOLA-SS25_002-1025x1536.jpg 1025w, https:\/\/answear.sk\/blog\/wp-content\/uploads\/2025\/05\/BIMBA-Y-LOLA-SS25_002-1366x2048.jpg 1366w, https:\/\/answear.sk\/blog\/wp-content\/uploads\/2025\/05\/BIMBA-Y-LOLA-SS25_002-scaled.jpg 1708w\" sizes=\"(max-width: 464px) 100vw, 464px\" \/><\/figure>\r\n<\/figure>\r\n\r\n\r\n\r\n<p>N\u00e1jdete tu kabelky s ne\u010dakan\u00fdmi tvarmi \u2013 m\u00e4kk\u00e9 ako vank\u00fa\u0161e alebo pevn\u00e9 ako sochy. Mikiny s potla\u010dami pripom\u00ednaj\u00facimi s\u00fa\u010dasn\u00e9 umenie, kab\u00e1ty v v\u00fdrazn\u00fdch farb\u00e1ch, \u0161atky a doplnky, ktor\u00e9 dok\u00e1\u017eu vytvori\u0165 origin\u00e1lny outfit s prepracovan\u00fdm detailom. Pre Bimba y Lola m\u00f3da nie je uniforma \u2013 je to nekone\u010dn\u00fd priestor na sebavyjadrenie. Ka\u017ed\u00e1 sez\u00f3na prin\u00e1\u0161a nov\u00e9 prekvapenia, no DNA zna\u010dky zost\u00e1va rovnak\u00e1: umeleck\u00e1, inteligentn\u00e1 a s jasnou d\u00e1vkou hravosti.<\/p>\r\n\r\n\r\n\r\n<figure class=\"wp-block-gallery has-nested-images columns-default is-cropped wp-block-gallery-3 is-layout-flex wp-block-gallery-is-layout-flex\">\r\n<figure class=\"wp-block-image size-large\"><img loading=\"lazy\" decoding=\"async\" width=\"1084\" height=\"1626\" data-id=\"24130\" class=\"wp-image-24130\" src=\"https:\/\/answear.sk\/blog\/wp-content\/uploads\/2025\/05\/SS25-TOD3MJ-84X_F1.avif\" alt=\"\" \/><\/figure>\r\n\r\n\r\n\r\n<figure class=\"wp-block-image size-large\"><img loading=\"lazy\" decoding=\"async\" width=\"463\" height=\"695\" data-id=\"24128\" class=\"wp-image-24128\" src=\"https:\/\/answear.sk\/blog\/wp-content\/uploads\/2025\/05\/SS25-TOD3M8-88X_F1-463x695.webp\" alt=\"\" srcset=\"https:\/\/answear.sk\/blog\/wp-content\/uploads\/2025\/05\/SS25-TOD3M8-88X_F1-463x695.webp 463w, https:\/\/answear.sk\/blog\/wp-content\/uploads\/2025\/05\/SS25-TOD3M8-88X_F1-768x1152.webp 768w, https:\/\/answear.sk\/blog\/wp-content\/uploads\/2025\/05\/SS25-TOD3M8-88X_F1-1024x1536.webp 1024w, https:\/\/answear.sk\/blog\/wp-content\/uploads\/2025\/05\/SS25-TOD3M8-88X_F1.webp 1084w\" sizes=\"(max-width: 463px) 100vw, 463px\" \/><\/figure>\r\n\r\n\r\n\r\n<figure class=\"wp-block-image size-large\"><img loading=\"lazy\" decoding=\"async\" width=\"542\" height=\"813\" data-id=\"24129\" class=\"wp-image-24129\" src=\"https:\/\/answear.sk\/blog\/wp-content\/uploads\/2025\/05\/SS25-TOD3MU-82X_F1.avif\" alt=\"\" \/><\/figure>\r\n<\/figure>\r\n\r\n\r\n\r\n<p class=\"kropka\">Bimba y Lola je ide\u00e1lna vo\u013eba na mestsk\u00e9 dobrodru\u017estvo \u2013 \u010di u\u017e sa chyst\u00e1te do Var\u0161avy, Lisabonu, Berl\u00edna alebo Marseille. Je to zna\u010dka, ktor\u00e1 in\u0161piruje k tomu, aby ste sa v m\u00f3de neuspokojili s kompromismi, ale aby ste jednoducho boli sami sebou a zanechali svoj odtla\u010dok. Preto\u017ee \u0161t\u00fdl nie je len o tom, \u010do m\u00e1te na sebe \u2013 je to aj o tom, ako sa pozer\u00e1te na svet. A poh\u013ead Bimba y Lola je vzru\u0161uj\u00faci a pln\u00fd em\u00f3ci\u00ed.<\/p>\r\n","protected":false},"excerpt":{"rendered":"<p><span class=\"rt-reading-time\" style=\"display: block;\"><span class=\"rt-label rt-prefix\">\u010c\u00edtanie na <\/span> <span class=\"rt-time\">3<\/span> <span class=\"rt-label rt-postfix\">min\u00faty<\/span><\/span> Vigo, najv\u00e4\u010d\u0161ie mesto Gal\u00edcie, je zn\u00e1me svoj\u00edm premenliv\u00fdm po\u010das\u00edm \u2013 d\u00e1\u017e\u010f a oblaky sprev\u00e1dzaj\u00fa jeho obyvate\u013eov v priemere viac ako 130 dn\u00ed v roku. T\u00e1to oce\u00e1nska kl\u00edma to v\u0161ak bohato vynahr\u00e1dza bujnou zele\u0148ou lesov a divokou kr\u00e1sou pobre\u017eia. Vo Vigu je d\u00e1\u017ednik nevyhnutnos\u0165ou a melancholick\u00e1 atmosf\u00e9ra mesta sa akoby vn\u00e1\u0161ala aj do jeho estetiky \u2013 &hellip; <a href=\"https:\/\/answear.sk\/blog\/bimba-y-lola-esteticka-citlivost-s-necakanym-zvratom\/24123\" class=\"more-link\">Pokra\u010dova\u0165 v \u010d\u00edtan\u00ed: <span class=\"screen-reader-text\">Bimba y Lola \u2013 estetick\u00e1 citlivos\u0165 s ne\u010dakan\u00fdm zvratom<\/span><\/a><\/p>\n","protected":false},"author":37,"featured_media":24124,"comment_status":"closed","ping_status":"closed","sticky":false,"template":"","format":"standard","meta":{"footnotes":""},"categories":[676],"tags":[],"yoast_head":"<!-- This site is optimized with the Yoast SEO plugin v22.2 - https:\/\/yoast.com\/wordpress\/plugins\/seo\/ -->\n<title>Bimba y Lola \u2013 estetick\u00e1 citlivos\u0165 s ne\u010dakan\u00fdm zvratom - answear.sk blog<\/title>\n<meta name=\"description\" content=\"Vigo, najv\u00e4\u010d\u0161ie mesto Gal\u00edcie, je zn\u00e1me svoj\u00edm premenliv\u00fdm po\u010das\u00edm \u2013 d\u00e1\u017e\u010f a oblaky sprev\u00e1dzaj\u00fa jeho obyvate\u013eov v priemere viac ako 130 dn\u00ed v roku. T\u00e1to\" \/>\n<meta name=\"robots\" content=\"index, follow, max-snippet:-1, max-image-preview:large, max-video-preview:-1\" \/>\n<link rel=\"canonical\" href=\"https:\/\/answear.sk\/blog\/bimba-y-lola-esteticka-citlivost-s-necakanym-zvratom\/24123\" \/>\n<meta property=\"og:locale\" content=\"sk_SK\" \/>\n<meta property=\"og:type\" content=\"article\" \/>\n<meta property=\"og:title\" content=\"Bimba y Lola \u2013 estetick\u00e1 citlivos\u0165 s ne\u010dakan\u00fdm zvratom - answear.sk blog\" \/>\n<meta property=\"og:description\" content=\"Vigo, najv\u00e4\u010d\u0161ie mesto Gal\u00edcie, je zn\u00e1me svoj\u00edm premenliv\u00fdm po\u010das\u00edm \u2013 d\u00e1\u017e\u010f a oblaky sprev\u00e1dzaj\u00fa jeho obyvate\u013eov v priemere viac ako 130 dn\u00ed v roku. T\u00e1to\" \/>\n<meta property=\"og:url\" content=\"https:\/\/answear.sk\/blog\/bimba-y-lola-esteticka-citlivost-s-necakanym-zvratom\/24123\" \/>\n<meta property=\"og:site_name\" content=\"answear.sk blog\" \/>\n<meta property=\"article:published_time\" content=\"2025-05-28T11:15:11+00:00\" \/>\n<meta property=\"article:modified_time\" content=\"2025-05-28T11:26:27+00:00\" \/>\n<meta property=\"og:image\" content=\"https:\/\/answear.sk\/blog\/wp-content\/uploads\/2025\/05\/bimba_y_lola.jpg\" \/>\n\t<meta property=\"og:image:width\" content=\"1688\" \/>\n\t<meta property=\"og:image:height\" content=\"680\" \/>\n\t<meta property=\"og:image:type\" content=\"image\/jpeg\" \/>\n<meta name=\"author\" content=\"Michaela\" \/>\n<meta name=\"twitter:card\" content=\"summary_large_image\" \/>\n<meta name=\"twitter:label1\" content=\"Autor\" \/>\n\t<meta name=\"twitter:data1\" content=\"Michaela\" \/>\n\t<meta name=\"twitter:label2\" content=\"Predpokladan\u00fd \u010das \u010d\u00edtania\" \/>\n\t<meta name=\"twitter:data2\" content=\"4 min\u00faty\" \/>\n<script type=\"application\/ld+json\" class=\"yoast-schema-graph\">{\"@context\":\"https:\/\/schema.org\",\"@graph\":[{\"@type\":\"WebPage\",\"@id\":\"https:\/\/answear.sk\/blog\/bimba-y-lola-esteticka-citlivost-s-necakanym-zvratom\/24123\",\"url\":\"https:\/\/answear.sk\/blog\/bimba-y-lola-esteticka-citlivost-s-necakanym-zvratom\/24123\",\"name\":\"Bimba y Lola \u2013 estetick\u00e1 citlivos\u0165 s ne\u010dakan\u00fdm zvratom - answear.sk blog\",\"isPartOf\":{\"@id\":\"https:\/\/answear.sk\/blog\/#website\"},\"primaryImageOfPage\":{\"@id\":\"https:\/\/answear.sk\/blog\/bimba-y-lola-esteticka-citlivost-s-necakanym-zvratom\/24123#primaryimage\"},\"image\":{\"@id\":\"https:\/\/answear.sk\/blog\/bimba-y-lola-esteticka-citlivost-s-necakanym-zvratom\/24123#primaryimage\"},\"thumbnailUrl\":\"https:\/\/answear.sk\/blog\/wp-content\/uploads\/2025\/05\/bimba_y_lola.jpg\",\"datePublished\":\"2025-05-28T11:15:11+00:00\",\"dateModified\":\"2025-05-28T11:26:27+00:00\",\"author\":{\"@id\":\"https:\/\/answear.sk\/blog\/#\/schema\/person\/d74cf30355490c4f5593af0380ad73b8\"},\"description\":\"Vigo, najv\u00e4\u010d\u0161ie mesto Gal\u00edcie, je zn\u00e1me svoj\u00edm premenliv\u00fdm po\u010das\u00edm \u2013 d\u00e1\u017e\u010f a oblaky sprev\u00e1dzaj\u00fa jeho obyvate\u013eov v priemere viac ako 130 dn\u00ed v roku. T\u00e1to\",\"breadcrumb\":{\"@id\":\"https:\/\/answear.sk\/blog\/bimba-y-lola-esteticka-citlivost-s-necakanym-zvratom\/24123#breadcrumb\"},\"inLanguage\":\"sk-SK\",\"potentialAction\":[{\"@type\":\"ReadAction\",\"target\":[\"https:\/\/answear.sk\/blog\/bimba-y-lola-esteticka-citlivost-s-necakanym-zvratom\/24123\"]}]},{\"@type\":\"ImageObject\",\"inLanguage\":\"sk-SK\",\"@id\":\"https:\/\/answear.sk\/blog\/bimba-y-lola-esteticka-citlivost-s-necakanym-zvratom\/24123#primaryimage\",\"url\":\"https:\/\/answear.sk\/blog\/wp-content\/uploads\/2025\/05\/bimba_y_lola.jpg\",\"contentUrl\":\"https:\/\/answear.sk\/blog\/wp-content\/uploads\/2025\/05\/bimba_y_lola.jpg\",\"width\":1688,\"height\":680},{\"@type\":\"BreadcrumbList\",\"@id\":\"https:\/\/answear.sk\/blog\/bimba-y-lola-esteticka-citlivost-s-necakanym-zvratom\/24123#breadcrumb\",\"itemListElement\":[{\"@type\":\"ListItem\",\"position\":1,\"name\":\"Domovsk\u00e1 str\u00e1nka\",\"item\":\"https:\/\/answear.sk\/blog\/\"},{\"@type\":\"ListItem\",\"position\":2,\"name\":\"Bimba y Lola \u2013 estetick\u00e1 citlivos\u0165 s ne\u010dakan\u00fdm zvratom\"}]},{\"@type\":\"WebSite\",\"@id\":\"https:\/\/answear.sk\/blog\/#website\",\"url\":\"https:\/\/answear.sk\/blog\/\",\"name\":\"answear.sk blog\",\"description\":\"M\u00f3da, trendy, rady a tipy od stylistov, novinky zo sveta m\u00f3dy. We know the ANSWEAR ;-)\",\"potentialAction\":[{\"@type\":\"SearchAction\",\"target\":{\"@type\":\"EntryPoint\",\"urlTemplate\":\"https:\/\/answear.sk\/blog\/?s={search_term_string}\"},\"query-input\":\"required name=search_term_string\"}],\"inLanguage\":\"sk-SK\"},{\"@type\":\"Person\",\"@id\":\"https:\/\/answear.sk\/blog\/#\/schema\/person\/d74cf30355490c4f5593af0380ad73b8\",\"name\":\"Michaela\",\"image\":{\"@type\":\"ImageObject\",\"inLanguage\":\"sk-SK\",\"@id\":\"https:\/\/answear.sk\/blog\/#\/schema\/person\/image\/\",\"url\":\"https:\/\/secure.gravatar.com\/avatar\/18f0c4fbe526d147f1b3894de0ce040d?s=96&d=mm&r=g\",\"contentUrl\":\"https:\/\/secure.gravatar.com\/avatar\/18f0c4fbe526d147f1b3894de0ce040d?s=96&d=mm&r=g\",\"caption\":\"Michaela\"},\"url\":\"https:\/\/answear.sk\/blog\/author\/michaela\"}]}<\/script>\n<!-- \/ Yoast SEO plugin. -->","yoast_head_json":{"title":"Bimba y Lola \u2013 estetick\u00e1 citlivos\u0165 s ne\u010dakan\u00fdm zvratom - answear.sk blog","description":"Vigo, najv\u00e4\u010d\u0161ie mesto Gal\u00edcie, je zn\u00e1me svoj\u00edm premenliv\u00fdm po\u010das\u00edm \u2013 d\u00e1\u017e\u010f a oblaky sprev\u00e1dzaj\u00fa jeho obyvate\u013eov v priemere viac ako 130 dn\u00ed v roku. T\u00e1to","robots":{"index":"index","follow":"follow","max-snippet":"max-snippet:-1","max-image-preview":"max-image-preview:large","max-video-preview":"max-video-preview:-1"},"canonical":"https:\/\/answear.sk\/blog\/bimba-y-lola-esteticka-citlivost-s-necakanym-zvratom\/24123","og_locale":"sk_SK","og_type":"article","og_title":"Bimba y Lola \u2013 estetick\u00e1 citlivos\u0165 s ne\u010dakan\u00fdm zvratom - answear.sk blog","og_description":"Vigo, najv\u00e4\u010d\u0161ie mesto Gal\u00edcie, je zn\u00e1me svoj\u00edm premenliv\u00fdm po\u010das\u00edm \u2013 d\u00e1\u017e\u010f a oblaky sprev\u00e1dzaj\u00fa jeho obyvate\u013eov v priemere viac ako 130 dn\u00ed v roku. T\u00e1to","og_url":"https:\/\/answear.sk\/blog\/bimba-y-lola-esteticka-citlivost-s-necakanym-zvratom\/24123","og_site_name":"answear.sk blog","article_published_time":"2025-05-28T11:15:11+00:00","article_modified_time":"2025-05-28T11:26:27+00:00","og_image":[{"width":1688,"height":680,"url":"https:\/\/answear.sk\/blog\/wp-content\/uploads\/2025\/05\/bimba_y_lola.jpg","type":"image\/jpeg"}],"author":"Michaela","twitter_card":"summary_large_image","twitter_misc":{"Autor":"Michaela","Predpokladan\u00fd \u010das \u010d\u00edtania":"4 min\u00faty"},"schema":{"@context":"https:\/\/schema.org","@graph":[{"@type":"WebPage","@id":"https:\/\/answear.sk\/blog\/bimba-y-lola-esteticka-citlivost-s-necakanym-zvratom\/24123","url":"https:\/\/answear.sk\/blog\/bimba-y-lola-esteticka-citlivost-s-necakanym-zvratom\/24123","name":"Bimba y Lola \u2013 estetick\u00e1 citlivos\u0165 s ne\u010dakan\u00fdm zvratom - answear.sk blog","isPartOf":{"@id":"https:\/\/answear.sk\/blog\/#website"},"primaryImageOfPage":{"@id":"https:\/\/answear.sk\/blog\/bimba-y-lola-esteticka-citlivost-s-necakanym-zvratom\/24123#primaryimage"},"image":{"@id":"https:\/\/answear.sk\/blog\/bimba-y-lola-esteticka-citlivost-s-necakanym-zvratom\/24123#primaryimage"},"thumbnailUrl":"https:\/\/answear.sk\/blog\/wp-content\/uploads\/2025\/05\/bimba_y_lola.jpg","datePublished":"2025-05-28T11:15:11+00:00","dateModified":"2025-05-28T11:26:27+00:00","author":{"@id":"https:\/\/answear.sk\/blog\/#\/schema\/person\/d74cf30355490c4f5593af0380ad73b8"},"description":"Vigo, najv\u00e4\u010d\u0161ie mesto Gal\u00edcie, je zn\u00e1me svoj\u00edm premenliv\u00fdm po\u010das\u00edm \u2013 d\u00e1\u017e\u010f a oblaky sprev\u00e1dzaj\u00fa jeho obyvate\u013eov v priemere viac ako 130 dn\u00ed v roku. T\u00e1to","breadcrumb":{"@id":"https:\/\/answear.sk\/blog\/bimba-y-lola-esteticka-citlivost-s-necakanym-zvratom\/24123#breadcrumb"},"inLanguage":"sk-SK","potentialAction":[{"@type":"ReadAction","target":["https:\/\/answear.sk\/blog\/bimba-y-lola-esteticka-citlivost-s-necakanym-zvratom\/24123"]}]},{"@type":"ImageObject","inLanguage":"sk-SK","@id":"https:\/\/answear.sk\/blog\/bimba-y-lola-esteticka-citlivost-s-necakanym-zvratom\/24123#primaryimage","url":"https:\/\/answear.sk\/blog\/wp-content\/uploads\/2025\/05\/bimba_y_lola.jpg","contentUrl":"https:\/\/answear.sk\/blog\/wp-content\/uploads\/2025\/05\/bimba_y_lola.jpg","width":1688,"height":680},{"@type":"BreadcrumbList","@id":"https:\/\/answear.sk\/blog\/bimba-y-lola-esteticka-citlivost-s-necakanym-zvratom\/24123#breadcrumb","itemListElement":[{"@type":"ListItem","position":1,"name":"Domovsk\u00e1 str\u00e1nka","item":"https:\/\/answear.sk\/blog\/"},{"@type":"ListItem","position":2,"name":"Bimba y Lola \u2013 estetick\u00e1 citlivos\u0165 s ne\u010dakan\u00fdm zvratom"}]},{"@type":"WebSite","@id":"https:\/\/answear.sk\/blog\/#website","url":"https:\/\/answear.sk\/blog\/","name":"answear.sk blog","description":"M\u00f3da, trendy, rady a tipy od stylistov, novinky zo sveta m\u00f3dy. We know the ANSWEAR ;-)","potentialAction":[{"@type":"SearchAction","target":{"@type":"EntryPoint","urlTemplate":"https:\/\/answear.sk\/blog\/?s={search_term_string}"},"query-input":"required name=search_term_string"}],"inLanguage":"sk-SK"},{"@type":"Person","@id":"https:\/\/answear.sk\/blog\/#\/schema\/person\/d74cf30355490c4f5593af0380ad73b8","name":"Michaela","image":{"@type":"ImageObject","inLanguage":"sk-SK","@id":"https:\/\/answear.sk\/blog\/#\/schema\/person\/image\/","url":"https:\/\/secure.gravatar.com\/avatar\/18f0c4fbe526d147f1b3894de0ce040d?s=96&d=mm&r=g","contentUrl":"https:\/\/secure.gravatar.com\/avatar\/18f0c4fbe526d147f1b3894de0ce040d?s=96&d=mm&r=g","caption":"Michaela"},"url":"https:\/\/answear.sk\/blog\/author\/michaela"}]}},"_links":{"self":[{"href":"https:\/\/answear.sk\/blog\/wp-json\/wp\/v2\/posts\/24123"}],"collection":[{"href":"https:\/\/answear.sk\/blog\/wp-json\/wp\/v2\/posts"}],"about":[{"href":"https:\/\/answear.sk\/blog\/wp-json\/wp\/v2\/types\/post"}],"author":[{"embeddable":true,"href":"https:\/\/answear.sk\/blog\/wp-json\/wp\/v2\/users\/37"}],"replies":[{"embeddable":true,"href":"https:\/\/answear.sk\/blog\/wp-json\/wp\/v2\/comments?post=24123"}],"version-history":[{"count":4,"href":"https:\/\/answear.sk\/blog\/wp-json\/wp\/v2\/posts\/24123\/revisions"}],"predecessor-version":[{"id":24133,"href":"https:\/\/answear.sk\/blog\/wp-json\/wp\/v2\/posts\/24123\/revisions\/24133"}],"wp:featuredmedia":[{"embeddable":true,"href":"https:\/\/answear.sk\/blog\/wp-json\/wp\/v2\/media\/24124"}],"wp:attachment":[{"href":"https:\/\/answear.sk\/blog\/wp-json\/wp\/v2\/media?parent=24123"}],"wp:term":[{"taxonomy":"category","embeddable":true,"href":"https:\/\/answear.sk\/blog\/wp-json\/wp\/v2\/categories?post=24123"},{"taxonomy":"post_tag","embeddable":true,"href":"https:\/\/answear.sk\/blog\/wp-json\/wp\/v2\/tags?post=24123"}],"curies":[{"name":"wp","href":"https:\/\/api.w.org\/{rel}","templated":true}]}}