{"id":24148,"date":"2025-06-17T09:39:52","date_gmt":"2025-06-17T07:39:52","guid":{"rendered":"https:\/\/answear.sk\/blog\/?p=24148"},"modified":"2025-06-17T12:41:54","modified_gmt":"2025-06-17T10:41:54","slug":"oblubena-midi-dlzka-komu-pristane-a-ako-ju-kombinovat","status":"publish","type":"post","link":"https:\/\/answear.sk\/blog\/oblubena-midi-dlzka-komu-pristane-a-ako-ju-kombinovat\/24148","title":{"rendered":"Ob\u013e\u00faben\u00e1 midi d\u013a\u017eka: komu pristane a ako ju kombinova\u0165?"},"content":{"rendered":"<span class=\"rt-reading-time\" style=\"display: block;\"><span class=\"rt-label rt-prefix\">\u010c\u00edtanie na <\/span> <span class=\"rt-time\">4<\/span> <span class=\"rt-label rt-postfix\">min\u00faty<\/span><\/span>\n<p><strong>Vzdu\u0161n\u00e9 alebo puzdrov\u00e9, le\u017e\u00e9rne aj elegantn\u00e9\u2026 \u0160aty a sukne s midi strihom s\u00fa t\u00fato jar a leto mimoriadne ob\u013e\u00faben\u00e9&#8230; Komu pristane midi suk\u0148a alebo \u0161aty? Nie ste si ist\u00e1? Nevad\u00ed \u2013 porad\u00edme v\u00e1m! A vysvetl\u00edme aj, \u010do sa vlastne skr\u00fdva za slovom midi.<\/strong><\/p>\n\n\n\n<!--more-->\n\n\n\n<h2 class=\"wp-block-heading\">\u010co znamen\u00e1 \u201emidi\u201c?<\/h2>\n\n\n\n<p class=\"bigletter\">Midi sukne a \u0161aty siahaj\u00fa po polovicu l\u00fdtok. N\u00e1zov midi poch\u00e1dza z anglick\u00e9ho mid- (stred) s koncovkou -i, podobne ako mini. Tento \u0161t\u00fdl sa prv\u00fdkr\u00e1t objavil v 70. rokoch 20. storo\u010dia ako kompromis medzi kr\u00e1tkymi mini a dlh\u00fdmi maxi \u0161atami. Aj ke\u010f sa niektor\u00e9 \u017eeny tejto d\u013a\u017eky ob\u00e1vaj\u00fa \u2013 \u017ee im opticky skracuje nohy \u2013 nemus\u00edte sa jej b\u00e1\u0165! D\u00f4le\u017eit\u00e9 je vedie\u0165, ako ju nosi\u0165.<\/p>\n\n\n\n<figure class=\"wp-block-gallery has-nested-images columns-default is-cropped wp-block-gallery-1 is-layout-flex wp-block-gallery-is-layout-flex\">\n<figure class=\"wp-block-image size-large\"><img loading=\"lazy\" decoding=\"async\" width=\"521\" height=\"695\" data-id=\"24151\" src=\"https:\/\/answear.sk\/blog\/wp-content\/uploads\/2025\/06\/SP25_LRL_Spring_011-scaled-1-521x695.webp\" alt=\"\" class=\"wp-image-24151\" srcset=\"https:\/\/answear.sk\/blog\/wp-content\/uploads\/2025\/06\/SP25_LRL_Spring_011-scaled-1-521x695.webp 521w, https:\/\/answear.sk\/blog\/wp-content\/uploads\/2025\/06\/SP25_LRL_Spring_011-scaled-1-768x1024.webp 768w, https:\/\/answear.sk\/blog\/wp-content\/uploads\/2025\/06\/SP25_LRL_Spring_011-scaled-1-1152x1536.webp 1152w, https:\/\/answear.sk\/blog\/wp-content\/uploads\/2025\/06\/SP25_LRL_Spring_011-scaled-1-1536x2048.webp 1536w, https:\/\/answear.sk\/blog\/wp-content\/uploads\/2025\/06\/SP25_LRL_Spring_011-scaled-1.webp 1920w\" sizes=\"(max-width: 521px) 100vw, 521px\" \/><\/figure>\n<\/figure>\n\n\n\n<h2 class=\"wp-block-heading\">Midi d\u013a\u017eka \u2013 \u0161t\u00fdlov\u00e1 a \u017eensk\u00e1 vo\u013eba<\/h2>\n\n\n\n<p>Midi je klasick\u00e1, \u017eensk\u00e1 a mimoriadne univerz\u00e1lna d\u013a\u017eka. Skvele sa hod\u00ed na ka\u017edodenn\u00e9 nosenie aj na elegantn\u00e9 pr\u00edle\u017eitosti. Mnoho \u017eien ju st\u00e1le obch\u00e1dza zo strachu, \u017ee im skracuje postavu \u2013 \u00faplne zbyto\u010dne. Midi je toti\u017e elegantn\u00e1 a hod\u00ed sa takmer ka\u017edej \u017eene.<\/p>\n\n\n\n<figure class=\"wp-block-gallery has-nested-images columns-default is-cropped wp-block-gallery-2 is-layout-flex wp-block-gallery-is-layout-flex\">\n<figure class=\"wp-block-image size-large\"><img loading=\"lazy\" decoding=\"async\" width=\"1084\" height=\"1626\" data-id=\"24152\" src=\"https:\/\/answear.sk\/blog\/wp-content\/uploads\/2025\/06\/SS25-SUD1GR-59X_F1.avif\" alt=\"\" class=\"wp-image-24152\"\/><\/figure>\n\n\n\n<figure class=\"wp-block-image size-large\"><img loading=\"lazy\" decoding=\"async\" width=\"1084\" height=\"1626\" data-id=\"24153\" src=\"https:\/\/answear.sk\/blog\/wp-content\/uploads\/2025\/06\/SS25-SUD1LA-80X_F2.avif\" alt=\"\" class=\"wp-image-24153\"\/><\/figure>\n\n\n\n<figure class=\"wp-block-image size-large\"><img loading=\"lazy\" decoding=\"async\" width=\"463\" height=\"695\" data-id=\"24154\" src=\"https:\/\/answear.sk\/blog\/wp-content\/uploads\/2025\/06\/SS25-SUD1LT-00X_F1-463x695.webp\" alt=\"\" class=\"wp-image-24154\" srcset=\"https:\/\/answear.sk\/blog\/wp-content\/uploads\/2025\/06\/SS25-SUD1LT-00X_F1-463x695.webp 463w, https:\/\/answear.sk\/blog\/wp-content\/uploads\/2025\/06\/SS25-SUD1LT-00X_F1-768x1152.webp 768w, https:\/\/answear.sk\/blog\/wp-content\/uploads\/2025\/06\/SS25-SUD1LT-00X_F1.webp 860w\" sizes=\"(max-width: 463px) 100vw, 463px\" \/><\/figure>\n<\/figure>\n\n\n\n<p>Navy\u0161e \u2013 ak ju dopln\u00edte top\u00e1nkami na podp\u00e4tku, kr\u00e1sne pred\u013a\u017ei siluetu. A v\u00fdhodou je aj to, \u017ee midi d\u013a\u017eku m\u00f4\u017eete nosi\u0165 celoro\u010dne \u2013 v lete so sand\u00e1lmi, v zime s \u010di\u017emami.<\/p>\n\n\n\n<div class=\"wp-block-buttons is-content-justification-center is-layout-flex wp-container-core-buttons-is-layout-1 wp-block-buttons-is-layout-flex\">\n<div class=\"wp-block-button\"><a class=\"wp-block-button__link wp-element-button\" href=\"https:\/\/answear.sk\/k\/ona?q=midi\">MIDI \u0160ATY PRE V\u00c1S<\/a><\/div>\n<\/div>\n\n\n\n<h2 class=\"wp-block-heading\">Pre koho je midi vhodn\u00e1?<\/h2>\n\n\n\n<p>Midi \u0161aty sa kon\u010dia v strede l\u00fdtok \u2013 preto by mala by\u0165 t\u00e1to \u010das\u0165 n\u00f4h a \u010dlenky jemn\u00e1 a upraven\u00e1, ke\u010f\u017ee bud\u00fa na o\u010diach. Najlep\u0161ie vynikne na vy\u0161\u0161\u00edch \u017een\u00e1ch s dlh\u0161\u00edmi nohami, ale v\u00f4bec sa jej nemusia b\u00e1\u0165 ani ni\u017e\u0161ie postavy. D\u00f4le\u017eit\u00fd je v\u00fdber spr\u00e1vnej obuvi \u2013 ni\u017e\u0161ie \u017eeny by mali stavi\u0165 na podp\u00e4tky alebo platformy, ktor\u00e9 im opticky pred\u013a\u017eia nohy. Vhodn\u00e9 s\u00fa: \u010dlenkov\u00e9 \u010di\u017emy, tenisky na platforme, lodi\u010dky, sand\u00e1le na podp\u00e4tkua \u0161\u013eapky s hrubou podr\u00e1\u017ekou.<\/p>\n\n\n\n<h2 class=\"wp-block-heading\">Midi d\u013a\u017eka pod\u013ea typu postavy<\/h2>\n\n\n\n<p>Midi \u0161aty sa vyr\u00e1baj\u00fa v mnoh\u00fdch strihoch, tak\u017ee ka\u017ed\u00e1 \u017eena si m\u00f4\u017ee vybra\u0165 vhodn\u00fd model pod\u013ea svojej postavy:<\/p>\n\n\n\n<p><s>Puzdrov\u00e9 midi \u0161aty:<\/s> Skvel\u00e9 pre postavy typu pres\u00fdpac\u00edch hod\u00edn \u2013 zv\u00fdraznia p\u00e1s a boky.<\/p>\n\n\n\n<p><s>Vo\u013enej\u0161ie modely (trapezov\u00e9, vzdu\u0161n\u00e9 \u0161aty):<\/s> V\u00fdborne zamaskuj\u00fa \u0161ir\u0161ie boky alebo stehn\u00e1 \u2013 ide\u00e1lne pre \u201ehru\u0161ky\u201c.<\/p>\n\n\n\n<p><s>S v\u00fdraznej\u0161ou hornou \u010das\u0165ou (vol\u00e1ny, nariasenie):<\/s> Pom\u00e1haj\u00fa vyrovna\u0165 proporcie, ke\u010f m\u00e1te v\u00fdraznej\u0161\u00ed spodok postavy.<\/p>\n\n\n\n<p><s>Prekladan\u00e9 (wrap) \u0161aty alebo strihy pod prsiami:<\/s> Skvele zakryj\u00fa bru\u0161ko a z\u00e1rove\u0148 zd\u00f4raznia dekolt \u2013 ide\u00e1lne aj pre plus-size postavy.<\/p>\n\n\n\n<h2 class=\"wp-block-heading\">Ako nosi\u0165 midi \u0161aty? In\u0161pir\u00e1cie na r\u00f4zne pr\u00edle\u017eitosti:<\/h2>\n\n\n\n<p><s>Na be\u017en\u00fd de\u0148:<\/s>  Bavlnen\u00e9 alebo \u00fapletov\u00e9 midi \u0161aty skombinujte s d\u017e\u00ednsovou bundou alebo oversize svetrom. Obujte si biele tenisky alebo pl\u00e1tenky. Pridajte shopper kabelku a slne\u010dn\u00e9 okuliare.<\/p>\n\n\n\n<p><s>Do pr\u00e1ce:<\/s> Midi \u0161aty s dlh\u00fdm ruk\u00e1vom alebo puzdrov\u00fd strih noste s oversize sakom, \u010dlenkov\u00fdmi \u010di\u017emami na podp\u00e4tku alebo klasick\u00fdmi lodi\u010dkami. Pridajte ko\u017een\u00fa kabelku a jemn\u00e9 \u0161perky.<\/p>\n\n\n\n<p><s>Na ve\u010der:<\/s> Sat\u00e9nov\u00e9 alebo plisovan\u00e9 midi \u0161aty s rozparkom m\u00f4\u017eete skombinova\u0165 s ko\u017eenou bundou alebo kr\u00e1tkym sakom. Obujte si elegantn\u00e9 podp\u00e4tky, vezmite listov\u00fa kabelku a v\u00fdrazn\u00e9 doplnky (napr. ve\u013ek\u00e9 n\u00e1u\u0161nice).<\/p>\n\n\n\n<p><s>Na svadbu alebo oslavu:<\/s> Stavte na \u0161if\u00f3nov\u00e9 alebo \u010dipkovan\u00e9 midi \u0161aty a dopl\u0148te ich jemn\u00fdmi sand\u00e1lmi na podp\u00e4tku. Cel\u00fd look dolad\u00edte puzdrovou kabelkou, elegantn\u00fdmi n\u00e1u\u0161nicami alebo \u010delenkou.<\/p>\n\n\n\n<p><s>Na chladnej\u0161ie dni:<\/s> \u00dapletov\u00e9 midi \u0161aty s rol\u00e1kom sa hodia k dlh\u00e9mu kab\u00e1tu alebo pre\u0161\u00edvanej bunde. Skombinujte ich s vysok\u00fdmi \u010di\u017emami, pan\u010duchami, \u0161\u00e1lom a \u010diapkou typu beanie.<\/p>\n\n\n\n<figure class=\"wp-block-gallery has-nested-images columns-default is-cropped wp-block-gallery-3 is-layout-flex wp-block-gallery-is-layout-flex\">\n<figure class=\"wp-block-image size-large\"><img loading=\"lazy\" decoding=\"async\" width=\"1084\" height=\"1626\" data-id=\"24157\" src=\"https:\/\/answear.sk\/blog\/wp-content\/uploads\/2025\/06\/WS25-SSD001-30X_F1.avif\" alt=\"\" class=\"wp-image-24157\"\/><\/figure>\n\n\n\n<figure class=\"wp-block-image size-large\"><img loading=\"lazy\" decoding=\"async\" width=\"1084\" height=\"1626\" data-id=\"24158\" src=\"https:\/\/answear.sk\/blog\/wp-content\/uploads\/2025\/06\/WW25-SUD0CC-01X_F1-1.avif\" alt=\"\" class=\"wp-image-24158\"\/><\/figure>\n\n\n\n<figure class=\"wp-block-image size-large\"><img loading=\"lazy\" decoding=\"async\" width=\"855\" height=\"1290\" data-id=\"24159\" src=\"https:\/\/answear.sk\/blog\/wp-content\/uploads\/2025\/06\/WZ24-SUD069-87X_F1.avif\" alt=\"\" class=\"wp-image-24159\"\/><\/figure>\n<\/figure>\n\n\n\n<h2 class=\"wp-block-heading\">Ako si v midi d\u013a\u017eke opticky pred\u013a\u017ei\u0165 nohy?<\/h2>\n\n\n\n<p><s>Midi \u0161aty kr\u00e1sne predl\u017euj\u00fa nohy v kombin\u00e1cii s podp\u00e4tkami<\/s> \u2013 to vie ka\u017ed\u00e1 \u017eena. Ale s\u00fa aj \u010fal\u0161ie triky:<\/p>\n\n\n\n<p><s>Vyberajte modely s v\u00fdrazn\u00fdm p\u00e1som<\/s> \u2013 pred\u013a\u017eia nohy.<\/p>\n\n\n\n<p><s>Zvo\u013ete priliehav\u00e9 midi \u0161aty po kolen\u00e1<\/s> \u2013 zv\u00fdraznia siluetu.<\/p>\n\n\n\n<p><s>Rozparky vpredu alebo na boku dod\u00e1vaj\u00fa \u013eahkos\u0165 a ukazuj\u00fa nohu<\/s> \u2013 silueta tak p\u00f4sob\u00ed \u0161t\u00edhlej\u0161ie.<\/p>\n\n\n\n<p><s>Jednofarebn\u00e9 outfity (zvr\u0161ok aj spodok v jednej farbe) postavu nepresek\u00e1vaj\u00fa<\/s> \u2013 predl\u017euj\u00fa ju.<\/p>\n\n\n\n<p><s>Vyh\u00fdbajte sa mas\u00edvnym remienkom \u010di ozdob\u00e1m na \u010dlenkoch<\/s> \u2013 skracuj\u00fa nohy.<\/p>\n\n\n\n<p class=\"kropka\">V\u0161etky tieto tipy sp\u00f4sobia, \u017ee midi d\u013a\u017eka m\u00f4\u017ee kr\u00e1sne vyzera\u0165 aj na ni\u017e\u0161\u00edch \u017een\u00e1ch \u2013 treba len vedie\u0165, ako ju nosi\u0165.<\/p>\n","protected":false},"excerpt":{"rendered":"<p><span class=\"rt-reading-time\" style=\"display: block;\"><span class=\"rt-label rt-prefix\">\u010c\u00edtanie na <\/span> <span class=\"rt-time\">4<\/span> <span class=\"rt-label rt-postfix\">min\u00faty<\/span><\/span> Vzdu\u0161n\u00e9 alebo puzdrov\u00e9, le\u017e\u00e9rne aj elegantn\u00e9\u2026 \u0160aty a sukne s midi strihom s\u00fa t\u00fato jar a leto mimoriadne ob\u013e\u00faben\u00e9&#8230; Komu pristane midi suk\u0148a alebo \u0161aty? Nie ste si ist\u00e1? Nevad\u00ed \u2013 porad\u00edme v\u00e1m! A vysvetl\u00edme aj, \u010do sa vlastne skr\u00fdva za slovom midi.<\/p>\n","protected":false},"author":37,"featured_media":24149,"comment_status":"closed","ping_status":"closed","sticky":false,"template":"","format":"standard","meta":{"footnotes":""},"categories":[676],"tags":[],"yoast_head":"<!-- This site is optimized with the Yoast SEO plugin v22.2 - https:\/\/yoast.com\/wordpress\/plugins\/seo\/ -->\n<title>Ob\u013e\u00faben\u00e1 midi d\u013a\u017eka: komu pristane a ako ju kombinova\u0165? - answear.sk blog<\/title>\n<meta name=\"description\" content=\"Vzdu\u0161n\u00e9 alebo puzdrov\u00e9, le\u017e\u00e9rne aj elegantn\u00e9\u2026 \u0160aty a sukne s midi strihom s\u00fa t\u00fato jar a leto mimoriadne ob\u013e\u00faben\u00e9... Komu pristane midi suk\u0148a alebo \u0161aty?\" \/>\n<meta name=\"robots\" content=\"index, follow, max-snippet:-1, max-image-preview:large, max-video-preview:-1\" \/>\n<link rel=\"canonical\" href=\"https:\/\/answear.sk\/blog\/oblubena-midi-dlzka-komu-pristane-a-ako-ju-kombinovat\/24148\" \/>\n<meta property=\"og:locale\" content=\"sk_SK\" \/>\n<meta property=\"og:type\" content=\"article\" \/>\n<meta property=\"og:title\" content=\"Ob\u013e\u00faben\u00e1 midi d\u013a\u017eka: komu pristane a ako ju kombinova\u0165? - answear.sk blog\" \/>\n<meta property=\"og:description\" content=\"Vzdu\u0161n\u00e9 alebo puzdrov\u00e9, le\u017e\u00e9rne aj elegantn\u00e9\u2026 \u0160aty a sukne s midi strihom s\u00fa t\u00fato jar a leto mimoriadne ob\u013e\u00faben\u00e9... Komu pristane midi suk\u0148a alebo \u0161aty?\" \/>\n<meta property=\"og:url\" content=\"https:\/\/answear.sk\/blog\/oblubena-midi-dlzka-komu-pristane-a-ako-ju-kombinovat\/24148\" \/>\n<meta property=\"og:site_name\" content=\"answear.sk blog\" \/>\n<meta property=\"article:published_time\" content=\"2025-06-17T07:39:52+00:00\" \/>\n<meta property=\"article:modified_time\" content=\"2025-06-17T10:41:54+00:00\" \/>\n<meta property=\"og:image\" content=\"https:\/\/answear.sk\/blog\/wp-content\/uploads\/2025\/06\/1200x628_01-4.webp\" \/>\n\t<meta property=\"og:image:width\" content=\"1200\" \/>\n\t<meta property=\"og:image:height\" content=\"628\" \/>\n\t<meta property=\"og:image:type\" content=\"image\/webp\" \/>\n<meta name=\"author\" content=\"Michaela\" \/>\n<meta name=\"twitter:card\" content=\"summary_large_image\" \/>\n<meta name=\"twitter:label1\" content=\"Autor\" \/>\n\t<meta name=\"twitter:data1\" content=\"Michaela\" \/>\n\t<meta name=\"twitter:label2\" content=\"Predpokladan\u00fd \u010das \u010d\u00edtania\" \/>\n\t<meta name=\"twitter:data2\" content=\"5 min\u00fat\" \/>\n<script type=\"application\/ld+json\" class=\"yoast-schema-graph\">{\"@context\":\"https:\/\/schema.org\",\"@graph\":[{\"@type\":\"WebPage\",\"@id\":\"https:\/\/answear.sk\/blog\/oblubena-midi-dlzka-komu-pristane-a-ako-ju-kombinovat\/24148\",\"url\":\"https:\/\/answear.sk\/blog\/oblubena-midi-dlzka-komu-pristane-a-ako-ju-kombinovat\/24148\",\"name\":\"Ob\u013e\u00faben\u00e1 midi d\u013a\u017eka: komu pristane a ako ju kombinova\u0165? - answear.sk blog\",\"isPartOf\":{\"@id\":\"https:\/\/answear.sk\/blog\/#website\"},\"primaryImageOfPage\":{\"@id\":\"https:\/\/answear.sk\/blog\/oblubena-midi-dlzka-komu-pristane-a-ako-ju-kombinovat\/24148#primaryimage\"},\"image\":{\"@id\":\"https:\/\/answear.sk\/blog\/oblubena-midi-dlzka-komu-pristane-a-ako-ju-kombinovat\/24148#primaryimage\"},\"thumbnailUrl\":\"https:\/\/answear.sk\/blog\/wp-content\/uploads\/2025\/06\/1200x628_01-4.webp\",\"datePublished\":\"2025-06-17T07:39:52+00:00\",\"dateModified\":\"2025-06-17T10:41:54+00:00\",\"author\":{\"@id\":\"https:\/\/answear.sk\/blog\/#\/schema\/person\/d74cf30355490c4f5593af0380ad73b8\"},\"description\":\"Vzdu\u0161n\u00e9 alebo puzdrov\u00e9, le\u017e\u00e9rne aj elegantn\u00e9\u2026 \u0160aty a sukne s midi strihom s\u00fa t\u00fato jar a leto mimoriadne ob\u013e\u00faben\u00e9... Komu pristane midi suk\u0148a alebo \u0161aty?\",\"breadcrumb\":{\"@id\":\"https:\/\/answear.sk\/blog\/oblubena-midi-dlzka-komu-pristane-a-ako-ju-kombinovat\/24148#breadcrumb\"},\"inLanguage\":\"sk-SK\",\"potentialAction\":[{\"@type\":\"ReadAction\",\"target\":[\"https:\/\/answear.sk\/blog\/oblubena-midi-dlzka-komu-pristane-a-ako-ju-kombinovat\/24148\"]}]},{\"@type\":\"ImageObject\",\"inLanguage\":\"sk-SK\",\"@id\":\"https:\/\/answear.sk\/blog\/oblubena-midi-dlzka-komu-pristane-a-ako-ju-kombinovat\/24148#primaryimage\",\"url\":\"https:\/\/answear.sk\/blog\/wp-content\/uploads\/2025\/06\/1200x628_01-4.webp\",\"contentUrl\":\"https:\/\/answear.sk\/blog\/wp-content\/uploads\/2025\/06\/1200x628_01-4.webp\",\"width\":1200,\"height\":628},{\"@type\":\"BreadcrumbList\",\"@id\":\"https:\/\/answear.sk\/blog\/oblubena-midi-dlzka-komu-pristane-a-ako-ju-kombinovat\/24148#breadcrumb\",\"itemListElement\":[{\"@type\":\"ListItem\",\"position\":1,\"name\":\"Domovsk\u00e1 str\u00e1nka\",\"item\":\"https:\/\/answear.sk\/blog\/\"},{\"@type\":\"ListItem\",\"position\":2,\"name\":\"Ob\u013e\u00faben\u00e1 midi d\u013a\u017eka: komu pristane a ako ju kombinova\u0165?\"}]},{\"@type\":\"WebSite\",\"@id\":\"https:\/\/answear.sk\/blog\/#website\",\"url\":\"https:\/\/answear.sk\/blog\/\",\"name\":\"answear.sk blog\",\"description\":\"M\u00f3da, trendy, rady a tipy od stylistov, novinky zo sveta m\u00f3dy. We know the ANSWEAR ;-)\",\"potentialAction\":[{\"@type\":\"SearchAction\",\"target\":{\"@type\":\"EntryPoint\",\"urlTemplate\":\"https:\/\/answear.sk\/blog\/?s={search_term_string}\"},\"query-input\":\"required name=search_term_string\"}],\"inLanguage\":\"sk-SK\"},{\"@type\":\"Person\",\"@id\":\"https:\/\/answear.sk\/blog\/#\/schema\/person\/d74cf30355490c4f5593af0380ad73b8\",\"name\":\"Michaela\",\"image\":{\"@type\":\"ImageObject\",\"inLanguage\":\"sk-SK\",\"@id\":\"https:\/\/answear.sk\/blog\/#\/schema\/person\/image\/\",\"url\":\"https:\/\/secure.gravatar.com\/avatar\/18f0c4fbe526d147f1b3894de0ce040d?s=96&d=mm&r=g\",\"contentUrl\":\"https:\/\/secure.gravatar.com\/avatar\/18f0c4fbe526d147f1b3894de0ce040d?s=96&d=mm&r=g\",\"caption\":\"Michaela\"},\"url\":\"https:\/\/answear.sk\/blog\/author\/michaela\"}]}<\/script>\n<!-- \/ Yoast SEO plugin. -->","yoast_head_json":{"title":"Ob\u013e\u00faben\u00e1 midi d\u013a\u017eka: komu pristane a ako ju kombinova\u0165? - answear.sk blog","description":"Vzdu\u0161n\u00e9 alebo puzdrov\u00e9, le\u017e\u00e9rne aj elegantn\u00e9\u2026 \u0160aty a sukne s midi strihom s\u00fa t\u00fato jar a leto mimoriadne ob\u013e\u00faben\u00e9... Komu pristane midi suk\u0148a alebo \u0161aty?","robots":{"index":"index","follow":"follow","max-snippet":"max-snippet:-1","max-image-preview":"max-image-preview:large","max-video-preview":"max-video-preview:-1"},"canonical":"https:\/\/answear.sk\/blog\/oblubena-midi-dlzka-komu-pristane-a-ako-ju-kombinovat\/24148","og_locale":"sk_SK","og_type":"article","og_title":"Ob\u013e\u00faben\u00e1 midi d\u013a\u017eka: komu pristane a ako ju kombinova\u0165? - answear.sk blog","og_description":"Vzdu\u0161n\u00e9 alebo puzdrov\u00e9, le\u017e\u00e9rne aj elegantn\u00e9\u2026 \u0160aty a sukne s midi strihom s\u00fa t\u00fato jar a leto mimoriadne ob\u013e\u00faben\u00e9... Komu pristane midi suk\u0148a alebo \u0161aty?","og_url":"https:\/\/answear.sk\/blog\/oblubena-midi-dlzka-komu-pristane-a-ako-ju-kombinovat\/24148","og_site_name":"answear.sk blog","article_published_time":"2025-06-17T07:39:52+00:00","article_modified_time":"2025-06-17T10:41:54+00:00","og_image":[{"width":1200,"height":628,"url":"https:\/\/answear.sk\/blog\/wp-content\/uploads\/2025\/06\/1200x628_01-4.webp","type":"image\/webp"}],"author":"Michaela","twitter_card":"summary_large_image","twitter_misc":{"Autor":"Michaela","Predpokladan\u00fd \u010das \u010d\u00edtania":"5 min\u00fat"},"schema":{"@context":"https:\/\/schema.org","@graph":[{"@type":"WebPage","@id":"https:\/\/answear.sk\/blog\/oblubena-midi-dlzka-komu-pristane-a-ako-ju-kombinovat\/24148","url":"https:\/\/answear.sk\/blog\/oblubena-midi-dlzka-komu-pristane-a-ako-ju-kombinovat\/24148","name":"Ob\u013e\u00faben\u00e1 midi d\u013a\u017eka: komu pristane a ako ju kombinova\u0165? - answear.sk blog","isPartOf":{"@id":"https:\/\/answear.sk\/blog\/#website"},"primaryImageOfPage":{"@id":"https:\/\/answear.sk\/blog\/oblubena-midi-dlzka-komu-pristane-a-ako-ju-kombinovat\/24148#primaryimage"},"image":{"@id":"https:\/\/answear.sk\/blog\/oblubena-midi-dlzka-komu-pristane-a-ako-ju-kombinovat\/24148#primaryimage"},"thumbnailUrl":"https:\/\/answear.sk\/blog\/wp-content\/uploads\/2025\/06\/1200x628_01-4.webp","datePublished":"2025-06-17T07:39:52+00:00","dateModified":"2025-06-17T10:41:54+00:00","author":{"@id":"https:\/\/answear.sk\/blog\/#\/schema\/person\/d74cf30355490c4f5593af0380ad73b8"},"description":"Vzdu\u0161n\u00e9 alebo puzdrov\u00e9, le\u017e\u00e9rne aj elegantn\u00e9\u2026 \u0160aty a sukne s midi strihom s\u00fa t\u00fato jar a leto mimoriadne ob\u013e\u00faben\u00e9... Komu pristane midi suk\u0148a alebo \u0161aty?","breadcrumb":{"@id":"https:\/\/answear.sk\/blog\/oblubena-midi-dlzka-komu-pristane-a-ako-ju-kombinovat\/24148#breadcrumb"},"inLanguage":"sk-SK","potentialAction":[{"@type":"ReadAction","target":["https:\/\/answear.sk\/blog\/oblubena-midi-dlzka-komu-pristane-a-ako-ju-kombinovat\/24148"]}]},{"@type":"ImageObject","inLanguage":"sk-SK","@id":"https:\/\/answear.sk\/blog\/oblubena-midi-dlzka-komu-pristane-a-ako-ju-kombinovat\/24148#primaryimage","url":"https:\/\/answear.sk\/blog\/wp-content\/uploads\/2025\/06\/1200x628_01-4.webp","contentUrl":"https:\/\/answear.sk\/blog\/wp-content\/uploads\/2025\/06\/1200x628_01-4.webp","width":1200,"height":628},{"@type":"BreadcrumbList","@id":"https:\/\/answear.sk\/blog\/oblubena-midi-dlzka-komu-pristane-a-ako-ju-kombinovat\/24148#breadcrumb","itemListElement":[{"@type":"ListItem","position":1,"name":"Domovsk\u00e1 str\u00e1nka","item":"https:\/\/answear.sk\/blog\/"},{"@type":"ListItem","position":2,"name":"Ob\u013e\u00faben\u00e1 midi d\u013a\u017eka: komu pristane a ako ju kombinova\u0165?"}]},{"@type":"WebSite","@id":"https:\/\/answear.sk\/blog\/#website","url":"https:\/\/answear.sk\/blog\/","name":"answear.sk blog","description":"M\u00f3da, trendy, rady a tipy od stylistov, novinky zo sveta m\u00f3dy. We know the ANSWEAR ;-)","potentialAction":[{"@type":"SearchAction","target":{"@type":"EntryPoint","urlTemplate":"https:\/\/answear.sk\/blog\/?s={search_term_string}"},"query-input":"required name=search_term_string"}],"inLanguage":"sk-SK"},{"@type":"Person","@id":"https:\/\/answear.sk\/blog\/#\/schema\/person\/d74cf30355490c4f5593af0380ad73b8","name":"Michaela","image":{"@type":"ImageObject","inLanguage":"sk-SK","@id":"https:\/\/answear.sk\/blog\/#\/schema\/person\/image\/","url":"https:\/\/secure.gravatar.com\/avatar\/18f0c4fbe526d147f1b3894de0ce040d?s=96&d=mm&r=g","contentUrl":"https:\/\/secure.gravatar.com\/avatar\/18f0c4fbe526d147f1b3894de0ce040d?s=96&d=mm&r=g","caption":"Michaela"},"url":"https:\/\/answear.sk\/blog\/author\/michaela"}]}},"_links":{"self":[{"href":"https:\/\/answear.sk\/blog\/wp-json\/wp\/v2\/posts\/24148"}],"collection":[{"href":"https:\/\/answear.sk\/blog\/wp-json\/wp\/v2\/posts"}],"about":[{"href":"https:\/\/answear.sk\/blog\/wp-json\/wp\/v2\/types\/post"}],"author":[{"embeddable":true,"href":"https:\/\/answear.sk\/blog\/wp-json\/wp\/v2\/users\/37"}],"replies":[{"embeddable":true,"href":"https:\/\/answear.sk\/blog\/wp-json\/wp\/v2\/comments?post=24148"}],"version-history":[{"count":11,"href":"https:\/\/answear.sk\/blog\/wp-json\/wp\/v2\/posts\/24148\/revisions"}],"predecessor-version":[{"id":24181,"href":"https:\/\/answear.sk\/blog\/wp-json\/wp\/v2\/posts\/24148\/revisions\/24181"}],"wp:featuredmedia":[{"embeddable":true,"href":"https:\/\/answear.sk\/blog\/wp-json\/wp\/v2\/media\/24149"}],"wp:attachment":[{"href":"https:\/\/answear.sk\/blog\/wp-json\/wp\/v2\/media?parent=24148"}],"wp:term":[{"taxonomy":"category","embeddable":true,"href":"https:\/\/answear.sk\/blog\/wp-json\/wp\/v2\/categories?post=24148"},{"taxonomy":"post_tag","embeddable":true,"href":"https:\/\/answear.sk\/blog\/wp-json\/wp\/v2\/tags?post=24148"}],"curies":[{"name":"wp","href":"https:\/\/api.w.org\/{rel}","templated":true}]}}