{"id":24348,"date":"2025-10-29T08:56:10","date_gmt":"2025-10-29T07:56:10","guid":{"rendered":"https:\/\/answear.sk\/blog\/?p=24348"},"modified":"2025-10-29T08:56:10","modified_gmt":"2025-10-29T07:56:10","slug":"moda-plna-harmonie-kolekcia-marc-opolo-jesen-zima-2025","status":"publish","type":"post","link":"https:\/\/answear.sk\/blog\/moda-plna-harmonie-kolekcia-marc-opolo-jesen-zima-2025\/24348","title":{"rendered":"M\u00f3da pln\u00e1 harm\u00f3nie \u2013 Kolekcia Marc O\u2019Polo jese\u0148\/zima 2025"},"content":{"rendered":"<span class=\"rt-reading-time\" style=\"display: block;\"><span class=\"rt-label rt-prefix\">\u010c\u00edtanie na <\/span> <span class=\"rt-time\">3<\/span> <span class=\"rt-label rt-postfix\">min\u00faty<\/span><\/span>\r\n<p><strong>T\u00e1to kolekcia je ako \u0161epot \u2013 jemn\u00e1, vedom\u00e1, ponoren\u00e1 do pokoja. Rozpr\u00e1va pr\u00edbeh o rovnov\u00e1he medzi pr\u00edrodou a modern\u00fdm svetom, o sile, ktor\u00e1 pramen\u00ed z autentickosti. Gisele B\u00fcndchen, ambas\u00e1dorka kampane, steles\u0148uje t\u00fato my\u0161lienku sp\u00f4sobom, ktor\u00fd hrani\u010d\u00ed s po\u00e9ziou \u2013 s gr\u00e1ciou \u017eeny, ktor\u00e1 u\u017e ni\u010d nemus\u00ed dokazova\u0165.<\/strong><\/p>\r\n\r\n\r\n\r\n<p><!--more--><\/p>\r\n\r\n\r\n\r\n<h2 class=\"wp-block-heading\">Marc O\u2019Polo \u017eena<\/h2>\r\n\r\n\r\n\r\n<p class=\"bigletter\">D\u00e1mska l\u00ednia odr\u00e1\u017ea slobodu a vn\u00fatorn\u00fa silu. <s>Marc O\u2019Polo <\/s> prin\u00e1\u0161a \u201enov\u00fa klasiku\u201c \u2013 oble\u010denie, ktor\u00e9 nepodlieha prchav\u00fdm trendom, ale umo\u017e\u0148uje vytvori\u0165 si kapsulov\u00fd \u0161atn\u00edk nad\u010dasov\u00e9ho \u0161t\u00fdlu. M\u00e4kk\u00e9 zemit\u00e9 t\u00f3ny prirodzene obop\u00ednaj\u00fa siluetu a jednoduch\u00e9 strihy o\u017e\u00edvaj\u00fa v\u010faka jemn\u00fdm detailom a text\u00faram. Je to m\u00f3da, ktor\u00e1 d\u00fdcha \u2013 \u010dist\u00e1 vo forme a pln\u00e1 du\u0161e.<\/p>\r\n\r\n\r\n\r\n<figure class=\"wp-block-gallery has-nested-images columns-default is-cropped wp-block-gallery-1 is-layout-flex wp-block-gallery-is-layout-flex\">\r\n<figure class=\"wp-block-image size-large\"><img loading=\"lazy\" decoding=\"async\" width=\"556\" height=\"695\" data-id=\"24351\" class=\"wp-image-24351\" src=\"https:\/\/answear.sk\/blog\/wp-content\/uploads\/2025\/10\/04_Answear_Assets_ohneLogo_960-x-1200px_4-556x695-1.webp\" alt=\"\" \/><\/figure>\r\n\r\n\r\n\r\n<figure class=\"wp-block-image size-large\"><img loading=\"lazy\" decoding=\"async\" width=\"533\" height=\"695\" data-id=\"24352\" class=\"wp-image-24352\" src=\"https:\/\/answear.sk\/blog\/wp-content\/uploads\/2025\/10\/04_Answear_Assets_ohneLogo_1929-x-2514px_1-1179x1536-1-533x695.webp\" alt=\"\" srcset=\"https:\/\/answear.sk\/blog\/wp-content\/uploads\/2025\/10\/04_Answear_Assets_ohneLogo_1929-x-2514px_1-1179x1536-1-533x695.webp 533w, https:\/\/answear.sk\/blog\/wp-content\/uploads\/2025\/10\/04_Answear_Assets_ohneLogo_1929-x-2514px_1-1179x1536-1-768x1001.webp 768w, https:\/\/answear.sk\/blog\/wp-content\/uploads\/2025\/10\/04_Answear_Assets_ohneLogo_1929-x-2514px_1-1179x1536-1.webp 1179w\" sizes=\"(max-width: 533px) 100vw, 533px\" \/><\/figure>\r\n\r\n\r\n\r\n<figure class=\"wp-block-image size-large\"><img loading=\"lazy\" decoding=\"async\" width=\"533\" height=\"695\" data-id=\"24353\" class=\"wp-image-24353\" src=\"https:\/\/answear.sk\/blog\/wp-content\/uploads\/2025\/10\/04_Answear_Assets_ohneLogo_1929-x-2514px_8-1179x1536-1-533x695.webp\" alt=\"\" srcset=\"https:\/\/answear.sk\/blog\/wp-content\/uploads\/2025\/10\/04_Answear_Assets_ohneLogo_1929-x-2514px_8-1179x1536-1-533x695.webp 533w, https:\/\/answear.sk\/blog\/wp-content\/uploads\/2025\/10\/04_Answear_Assets_ohneLogo_1929-x-2514px_8-1179x1536-1-768x1001.webp 768w, https:\/\/answear.sk\/blog\/wp-content\/uploads\/2025\/10\/04_Answear_Assets_ohneLogo_1929-x-2514px_8-1179x1536-1.webp 1179w\" sizes=\"(max-width: 533px) 100vw, 533px\" \/><\/figure>\r\n\r\n\r\n\r\n<figure class=\"wp-block-image size-large\"><img loading=\"lazy\" decoding=\"async\" width=\"905\" height=\"695\" data-id=\"24354\" class=\"wp-image-24354\" src=\"https:\/\/answear.sk\/blog\/wp-content\/uploads\/2025\/10\/04_Answear_Assets_ohneLogo_2514-x-1929px_1-1536x1179-1-905x695.webp\" alt=\"\" srcset=\"https:\/\/answear.sk\/blog\/wp-content\/uploads\/2025\/10\/04_Answear_Assets_ohneLogo_2514-x-1929px_1-1536x1179-1-905x695.webp 905w, https:\/\/answear.sk\/blog\/wp-content\/uploads\/2025\/10\/04_Answear_Assets_ohneLogo_2514-x-1929px_1-1536x1179-1-768x590.webp 768w, https:\/\/answear.sk\/blog\/wp-content\/uploads\/2025\/10\/04_Answear_Assets_ohneLogo_2514-x-1929px_1-1536x1179-1.webp 1536w\" sizes=\"(max-width: 905px) 100vw, 905px\" \/><\/figure>\r\n<\/figure>\r\n\r\n\r\n\r\n<p>Vrstven\u00e9 outfity z ka\u0161m\u00edru, vlny a organickej bavlny vytv\u00e1raj\u00fa harmonick\u00fd celok, ktor\u00e9mu sa ned\u00e1 odola\u0165. \u0160aty s jemn\u00fdmi goliermi, vo\u013en\u00e9 kab\u00e1ty, elegantne strihan\u00e9 nohavice \u010di oversized svetre \u2013 v\u0161etko v duchu uvedomelej m\u00f3dy. Ka\u017ed\u00fd k\u00fasok akoby hovoril: \u201eZastav sa a poc\u00ed\u0165, kto si.\u201c<\/p>\r\n\r\n\r\n\r\n<div class=\"wp-block-buttons is-content-justification-center is-layout-flex wp-container-core-buttons-is-layout-1 wp-block-buttons-is-layout-flex\">\r\n<div class=\"wp-block-button\"><a class=\"wp-block-button__link has-text-align-center wp-element-button\" href=\"https:\/\/answear.sk\/m\/marc-opolo\/\">Marc O\u2019Polo<\/a><\/div>\r\n<\/div>\r\n\r\n\r\n\r\n<h2 class=\"wp-block-heading\">Marc O\u2019Polo mu\u017e<\/h2>\r\n\r\n\r\n\r\n<p>V p\u00e1nskej kolekcii spojil <s>Marc O\u2019Polo <\/s> sily s nemeckou futbalovou reprezent\u00e1ciou, aby vytvorili projekt s v\u00fdnimo\u010dn\u00fdm posolstvom. Preto\u017ee \u0161t\u00fdl, rovnako ako \u0161port, nie je len o v\u00fdzore. Autenticita, s\u00fadr\u017enos\u0165 a d\u00f4slednos\u0165 s\u00fa hodnoty, ktor\u00e9 sp\u00e1jaj\u00fa t\u00fato kolekciu do jednotnej idey.<\/p>\r\n\r\n\r\n\r\n<p>Mu\u017e <s>Marc O\u2019Polo <\/s> sa neboj\u00ed jednoduchosti, no z\u00e1rove\u0148 neakceptuje priemernos\u0165. Jeho \u0161atn\u00edk pripom\u00edna dobre zorganizovan\u00fd t\u00edm \u2013 ka\u017ed\u00fd k\u00fasok m\u00e1 svoje miesto a v\u00fdznam. Pr\u00edrodn\u00e9 vlnen\u00e9 kab\u00e1ty, prec\u00edzne \u0161it\u00e9 sak\u00e1, sofistikovan\u00e9 pleteniny a modern\u00e9 doplnky vytv\u00e1raj\u00fa rovnov\u00e1hu medzi funk\u010dnos\u0165ou a eleganciou. Je to \u0161t\u00fdl pre chv\u00edle, ke\u010f z\u00e1le\u017e\u00ed na pr\u00edtomnosti \u2013 pokojn\u00fd, no v\u00fdrazn\u00fd.<\/p>\r\n\r\n\r\n\r\n<h2 class=\"wp-block-heading\">Marc O\u2019Polo<\/s> \u2013 m\u00f3da, ktor\u00e1 ti d\u00e1va priestor d\u00fdcha\u0165<\/h2>\r\n\r\n\r\n\r\n<p>Nov\u00e1 kolekcia <s>Marc O\u2019Polo FW25 <\/s> je viac ne\u017e len sez\u00f3nny trend. Zna\u010dka podporuje vedom\u00fd \u017eivot \u2013 pln\u00fd harm\u00f3nie medzi vonkaj\u0161\u00edm svetom a vn\u00fatorn\u00fdm pokojom. V dobe, ke\u010f je svet pres\u00fdten\u00fd hlukom, pon\u00faka ticho. Tam, kde vl\u00e1dne zhon, prin\u00e1\u0161a n\u00e1dych \u010derstv\u00e9ho vzduchu.<\/p>\r\n\r\n\r\n\r\n<figure class=\"wp-block-image size-large\"><img loading=\"lazy\" decoding=\"async\" width=\"905\" height=\"695\" class=\"wp-image-24355\" src=\"https:\/\/answear.sk\/blog\/wp-content\/uploads\/2025\/10\/image-4-905x695.png\" alt=\"\" srcset=\"https:\/\/answear.sk\/blog\/wp-content\/uploads\/2025\/10\/image-4-905x695.png 905w, https:\/\/answear.sk\/blog\/wp-content\/uploads\/2025\/10\/image-4-768x590.png 768w, https:\/\/answear.sk\/blog\/wp-content\/uploads\/2025\/10\/image-4.png 1536w\" sizes=\"(max-width: 905px) 100vw, 905px\" \/><\/figure>\r\n\r\n\r\n\r\n<p class=\"kropka\">Ako raz povedala samotn\u00e1 <s>Gisele B\u00fcndchen <\/s>: \u201eKr\u00e1sa je harm\u00f3nia medzi t\u00fdm, \u010do c\u00edtime, a t\u00fdm, k\u00fdm sme.\u201c Pr\u00e1ve t\u00e1to harm\u00f3nia je srdcom celej kolekcie <s>Marc O\u2019Polo <\/s>.<\/p>\r\n","protected":false},"excerpt":{"rendered":"<p><span class=\"rt-reading-time\" style=\"display: block;\"><span class=\"rt-label rt-prefix\">\u010c\u00edtanie na <\/span> <span class=\"rt-time\">3<\/span> <span class=\"rt-label rt-postfix\">min\u00faty<\/span><\/span> T\u00e1to kolekcia je ako \u0161epot \u2013 jemn\u00e1, vedom\u00e1, ponoren\u00e1 do pokoja. Rozpr\u00e1va pr\u00edbeh o rovnov\u00e1he medzi pr\u00edrodou a modern\u00fdm svetom, o sile, ktor\u00e1 pramen\u00ed z autentickosti. Gisele B\u00fcndchen, ambas\u00e1dorka kampane, steles\u0148uje t\u00fato my\u0161lienku sp\u00f4sobom, ktor\u00fd hrani\u010d\u00ed s po\u00e9ziou \u2013 s gr\u00e1ciou \u017eeny, ktor\u00e1 u\u017e ni\u010d nemus\u00ed dokazova\u0165.<\/p>\n","protected":false},"author":37,"featured_media":24350,"comment_status":"closed","ping_status":"closed","sticky":false,"template":"","format":"standard","meta":{"footnotes":""},"categories":[676],"tags":[],"yoast_head":"<!-- This site is optimized with the Yoast SEO plugin v22.2 - https:\/\/yoast.com\/wordpress\/plugins\/seo\/ -->\n<title>M\u00f3da pln\u00e1 harm\u00f3nie \u2013 Kolekcia Marc O\u2019Polo jese\u0148\/zima 2025 - answear.sk blog<\/title>\n<meta name=\"description\" content=\"T\u00e1to kolekcia je ako \u0161epot \u2013 jemn\u00e1, vedom\u00e1, ponoren\u00e1 do pokoja. Rozpr\u00e1va pr\u00edbeh o rovnov\u00e1he medzi pr\u00edrodou a modern\u00fdm svetom, o sile, ktor\u00e1 pramen\u00ed z\" \/>\n<meta name=\"robots\" content=\"index, follow, max-snippet:-1, max-image-preview:large, max-video-preview:-1\" \/>\n<link rel=\"canonical\" href=\"https:\/\/answear.sk\/blog\/moda-plna-harmonie-kolekcia-marc-opolo-jesen-zima-2025\/24348\" \/>\n<meta property=\"og:locale\" content=\"sk_SK\" \/>\n<meta property=\"og:type\" content=\"article\" \/>\n<meta property=\"og:title\" content=\"M\u00f3da pln\u00e1 harm\u00f3nie \u2013 Kolekcia Marc O\u2019Polo jese\u0148\/zima 2025 - answear.sk blog\" \/>\n<meta property=\"og:description\" content=\"T\u00e1to kolekcia je ako \u0161epot \u2013 jemn\u00e1, vedom\u00e1, ponoren\u00e1 do pokoja. Rozpr\u00e1va pr\u00edbeh o rovnov\u00e1he medzi pr\u00edrodou a modern\u00fdm svetom, o sile, ktor\u00e1 pramen\u00ed z\" \/>\n<meta property=\"og:url\" content=\"https:\/\/answear.sk\/blog\/moda-plna-harmonie-kolekcia-marc-opolo-jesen-zima-2025\/24348\" \/>\n<meta property=\"og:site_name\" content=\"answear.sk blog\" \/>\n<meta property=\"article:published_time\" content=\"2025-10-29T07:56:10+00:00\" \/>\n<meta property=\"og:image\" content=\"https:\/\/answear.sk\/blog\/wp-content\/uploads\/2025\/10\/04_Answear_Assets_ohneLogo_2514-x-1929px_6-e1760608750864-1680x695-1.webp\" \/>\n\t<meta property=\"og:image:width\" content=\"1680\" \/>\n\t<meta property=\"og:image:height\" content=\"695\" \/>\n\t<meta property=\"og:image:type\" content=\"image\/webp\" \/>\n<meta name=\"author\" content=\"Michaela\" \/>\n<meta name=\"twitter:card\" content=\"summary_large_image\" \/>\n<meta name=\"twitter:label1\" content=\"Autor\" \/>\n\t<meta name=\"twitter:data1\" content=\"Michaela\" \/>\n\t<meta name=\"twitter:label2\" content=\"Predpokladan\u00fd \u010das \u010d\u00edtania\" \/>\n\t<meta name=\"twitter:data2\" content=\"3 min\u00faty\" \/>\n<script type=\"application\/ld+json\" class=\"yoast-schema-graph\">{\"@context\":\"https:\/\/schema.org\",\"@graph\":[{\"@type\":\"WebPage\",\"@id\":\"https:\/\/answear.sk\/blog\/moda-plna-harmonie-kolekcia-marc-opolo-jesen-zima-2025\/24348\",\"url\":\"https:\/\/answear.sk\/blog\/moda-plna-harmonie-kolekcia-marc-opolo-jesen-zima-2025\/24348\",\"name\":\"M\u00f3da pln\u00e1 harm\u00f3nie \u2013 Kolekcia Marc O\u2019Polo jese\u0148\/zima 2025 - answear.sk blog\",\"isPartOf\":{\"@id\":\"https:\/\/answear.sk\/blog\/#website\"},\"primaryImageOfPage\":{\"@id\":\"https:\/\/answear.sk\/blog\/moda-plna-harmonie-kolekcia-marc-opolo-jesen-zima-2025\/24348#primaryimage\"},\"image\":{\"@id\":\"https:\/\/answear.sk\/blog\/moda-plna-harmonie-kolekcia-marc-opolo-jesen-zima-2025\/24348#primaryimage\"},\"thumbnailUrl\":\"https:\/\/answear.sk\/blog\/wp-content\/uploads\/2025\/10\/04_Answear_Assets_ohneLogo_2514-x-1929px_6-e1760608750864-1680x695-1.webp\",\"datePublished\":\"2025-10-29T07:56:10+00:00\",\"dateModified\":\"2025-10-29T07:56:10+00:00\",\"author\":{\"@id\":\"https:\/\/answear.sk\/blog\/#\/schema\/person\/d74cf30355490c4f5593af0380ad73b8\"},\"description\":\"T\u00e1to kolekcia je ako \u0161epot \u2013 jemn\u00e1, vedom\u00e1, ponoren\u00e1 do pokoja. Rozpr\u00e1va pr\u00edbeh o rovnov\u00e1he medzi pr\u00edrodou a modern\u00fdm svetom, o sile, ktor\u00e1 pramen\u00ed z\",\"breadcrumb\":{\"@id\":\"https:\/\/answear.sk\/blog\/moda-plna-harmonie-kolekcia-marc-opolo-jesen-zima-2025\/24348#breadcrumb\"},\"inLanguage\":\"sk-SK\",\"potentialAction\":[{\"@type\":\"ReadAction\",\"target\":[\"https:\/\/answear.sk\/blog\/moda-plna-harmonie-kolekcia-marc-opolo-jesen-zima-2025\/24348\"]}]},{\"@type\":\"ImageObject\",\"inLanguage\":\"sk-SK\",\"@id\":\"https:\/\/answear.sk\/blog\/moda-plna-harmonie-kolekcia-marc-opolo-jesen-zima-2025\/24348#primaryimage\",\"url\":\"https:\/\/answear.sk\/blog\/wp-content\/uploads\/2025\/10\/04_Answear_Assets_ohneLogo_2514-x-1929px_6-e1760608750864-1680x695-1.webp\",\"contentUrl\":\"https:\/\/answear.sk\/blog\/wp-content\/uploads\/2025\/10\/04_Answear_Assets_ohneLogo_2514-x-1929px_6-e1760608750864-1680x695-1.webp\",\"width\":1680,\"height\":695},{\"@type\":\"BreadcrumbList\",\"@id\":\"https:\/\/answear.sk\/blog\/moda-plna-harmonie-kolekcia-marc-opolo-jesen-zima-2025\/24348#breadcrumb\",\"itemListElement\":[{\"@type\":\"ListItem\",\"position\":1,\"name\":\"Domovsk\u00e1 str\u00e1nka\",\"item\":\"https:\/\/answear.sk\/blog\/\"},{\"@type\":\"ListItem\",\"position\":2,\"name\":\"M\u00f3da pln\u00e1 harm\u00f3nie \u2013 Kolekcia Marc O\u2019Polo jese\u0148\/zima 2025\"}]},{\"@type\":\"WebSite\",\"@id\":\"https:\/\/answear.sk\/blog\/#website\",\"url\":\"https:\/\/answear.sk\/blog\/\",\"name\":\"answear.sk blog\",\"description\":\"M\u00f3da, trendy, rady a tipy od stylistov, novinky zo sveta m\u00f3dy. We know the ANSWEAR ;-)\",\"potentialAction\":[{\"@type\":\"SearchAction\",\"target\":{\"@type\":\"EntryPoint\",\"urlTemplate\":\"https:\/\/answear.sk\/blog\/?s={search_term_string}\"},\"query-input\":\"required name=search_term_string\"}],\"inLanguage\":\"sk-SK\"},{\"@type\":\"Person\",\"@id\":\"https:\/\/answear.sk\/blog\/#\/schema\/person\/d74cf30355490c4f5593af0380ad73b8\",\"name\":\"Michaela\",\"image\":{\"@type\":\"ImageObject\",\"inLanguage\":\"sk-SK\",\"@id\":\"https:\/\/answear.sk\/blog\/#\/schema\/person\/image\/\",\"url\":\"https:\/\/secure.gravatar.com\/avatar\/18f0c4fbe526d147f1b3894de0ce040d?s=96&d=mm&r=g\",\"contentUrl\":\"https:\/\/secure.gravatar.com\/avatar\/18f0c4fbe526d147f1b3894de0ce040d?s=96&d=mm&r=g\",\"caption\":\"Michaela\"},\"url\":\"https:\/\/answear.sk\/blog\/author\/michaela\"}]}<\/script>\n<!-- \/ Yoast SEO plugin. -->","yoast_head_json":{"title":"M\u00f3da pln\u00e1 harm\u00f3nie \u2013 Kolekcia Marc O\u2019Polo jese\u0148\/zima 2025 - answear.sk blog","description":"T\u00e1to kolekcia je ako \u0161epot \u2013 jemn\u00e1, vedom\u00e1, ponoren\u00e1 do pokoja. Rozpr\u00e1va pr\u00edbeh o rovnov\u00e1he medzi pr\u00edrodou a modern\u00fdm svetom, o sile, ktor\u00e1 pramen\u00ed z","robots":{"index":"index","follow":"follow","max-snippet":"max-snippet:-1","max-image-preview":"max-image-preview:large","max-video-preview":"max-video-preview:-1"},"canonical":"https:\/\/answear.sk\/blog\/moda-plna-harmonie-kolekcia-marc-opolo-jesen-zima-2025\/24348","og_locale":"sk_SK","og_type":"article","og_title":"M\u00f3da pln\u00e1 harm\u00f3nie \u2013 Kolekcia Marc O\u2019Polo jese\u0148\/zima 2025 - answear.sk blog","og_description":"T\u00e1to kolekcia je ako \u0161epot \u2013 jemn\u00e1, vedom\u00e1, ponoren\u00e1 do pokoja. Rozpr\u00e1va pr\u00edbeh o rovnov\u00e1he medzi pr\u00edrodou a modern\u00fdm svetom, o sile, ktor\u00e1 pramen\u00ed z","og_url":"https:\/\/answear.sk\/blog\/moda-plna-harmonie-kolekcia-marc-opolo-jesen-zima-2025\/24348","og_site_name":"answear.sk blog","article_published_time":"2025-10-29T07:56:10+00:00","og_image":[{"width":1680,"height":695,"url":"https:\/\/answear.sk\/blog\/wp-content\/uploads\/2025\/10\/04_Answear_Assets_ohneLogo_2514-x-1929px_6-e1760608750864-1680x695-1.webp","type":"image\/webp"}],"author":"Michaela","twitter_card":"summary_large_image","twitter_misc":{"Autor":"Michaela","Predpokladan\u00fd \u010das \u010d\u00edtania":"3 min\u00faty"},"schema":{"@context":"https:\/\/schema.org","@graph":[{"@type":"WebPage","@id":"https:\/\/answear.sk\/blog\/moda-plna-harmonie-kolekcia-marc-opolo-jesen-zima-2025\/24348","url":"https:\/\/answear.sk\/blog\/moda-plna-harmonie-kolekcia-marc-opolo-jesen-zima-2025\/24348","name":"M\u00f3da pln\u00e1 harm\u00f3nie \u2013 Kolekcia Marc O\u2019Polo jese\u0148\/zima 2025 - answear.sk blog","isPartOf":{"@id":"https:\/\/answear.sk\/blog\/#website"},"primaryImageOfPage":{"@id":"https:\/\/answear.sk\/blog\/moda-plna-harmonie-kolekcia-marc-opolo-jesen-zima-2025\/24348#primaryimage"},"image":{"@id":"https:\/\/answear.sk\/blog\/moda-plna-harmonie-kolekcia-marc-opolo-jesen-zima-2025\/24348#primaryimage"},"thumbnailUrl":"https:\/\/answear.sk\/blog\/wp-content\/uploads\/2025\/10\/04_Answear_Assets_ohneLogo_2514-x-1929px_6-e1760608750864-1680x695-1.webp","datePublished":"2025-10-29T07:56:10+00:00","dateModified":"2025-10-29T07:56:10+00:00","author":{"@id":"https:\/\/answear.sk\/blog\/#\/schema\/person\/d74cf30355490c4f5593af0380ad73b8"},"description":"T\u00e1to kolekcia je ako \u0161epot \u2013 jemn\u00e1, vedom\u00e1, ponoren\u00e1 do pokoja. Rozpr\u00e1va pr\u00edbeh o rovnov\u00e1he medzi pr\u00edrodou a modern\u00fdm svetom, o sile, ktor\u00e1 pramen\u00ed z","breadcrumb":{"@id":"https:\/\/answear.sk\/blog\/moda-plna-harmonie-kolekcia-marc-opolo-jesen-zima-2025\/24348#breadcrumb"},"inLanguage":"sk-SK","potentialAction":[{"@type":"ReadAction","target":["https:\/\/answear.sk\/blog\/moda-plna-harmonie-kolekcia-marc-opolo-jesen-zima-2025\/24348"]}]},{"@type":"ImageObject","inLanguage":"sk-SK","@id":"https:\/\/answear.sk\/blog\/moda-plna-harmonie-kolekcia-marc-opolo-jesen-zima-2025\/24348#primaryimage","url":"https:\/\/answear.sk\/blog\/wp-content\/uploads\/2025\/10\/04_Answear_Assets_ohneLogo_2514-x-1929px_6-e1760608750864-1680x695-1.webp","contentUrl":"https:\/\/answear.sk\/blog\/wp-content\/uploads\/2025\/10\/04_Answear_Assets_ohneLogo_2514-x-1929px_6-e1760608750864-1680x695-1.webp","width":1680,"height":695},{"@type":"BreadcrumbList","@id":"https:\/\/answear.sk\/blog\/moda-plna-harmonie-kolekcia-marc-opolo-jesen-zima-2025\/24348#breadcrumb","itemListElement":[{"@type":"ListItem","position":1,"name":"Domovsk\u00e1 str\u00e1nka","item":"https:\/\/answear.sk\/blog\/"},{"@type":"ListItem","position":2,"name":"M\u00f3da pln\u00e1 harm\u00f3nie \u2013 Kolekcia Marc O\u2019Polo jese\u0148\/zima 2025"}]},{"@type":"WebSite","@id":"https:\/\/answear.sk\/blog\/#website","url":"https:\/\/answear.sk\/blog\/","name":"answear.sk blog","description":"M\u00f3da, trendy, rady a tipy od stylistov, novinky zo sveta m\u00f3dy. We know the ANSWEAR ;-)","potentialAction":[{"@type":"SearchAction","target":{"@type":"EntryPoint","urlTemplate":"https:\/\/answear.sk\/blog\/?s={search_term_string}"},"query-input":"required name=search_term_string"}],"inLanguage":"sk-SK"},{"@type":"Person","@id":"https:\/\/answear.sk\/blog\/#\/schema\/person\/d74cf30355490c4f5593af0380ad73b8","name":"Michaela","image":{"@type":"ImageObject","inLanguage":"sk-SK","@id":"https:\/\/answear.sk\/blog\/#\/schema\/person\/image\/","url":"https:\/\/secure.gravatar.com\/avatar\/18f0c4fbe526d147f1b3894de0ce040d?s=96&d=mm&r=g","contentUrl":"https:\/\/secure.gravatar.com\/avatar\/18f0c4fbe526d147f1b3894de0ce040d?s=96&d=mm&r=g","caption":"Michaela"},"url":"https:\/\/answear.sk\/blog\/author\/michaela"}]}},"_links":{"self":[{"href":"https:\/\/answear.sk\/blog\/wp-json\/wp\/v2\/posts\/24348"}],"collection":[{"href":"https:\/\/answear.sk\/blog\/wp-json\/wp\/v2\/posts"}],"about":[{"href":"https:\/\/answear.sk\/blog\/wp-json\/wp\/v2\/types\/post"}],"author":[{"embeddable":true,"href":"https:\/\/answear.sk\/blog\/wp-json\/wp\/v2\/users\/37"}],"replies":[{"embeddable":true,"href":"https:\/\/answear.sk\/blog\/wp-json\/wp\/v2\/comments?post=24348"}],"version-history":[{"count":7,"href":"https:\/\/answear.sk\/blog\/wp-json\/wp\/v2\/posts\/24348\/revisions"}],"predecessor-version":[{"id":24361,"href":"https:\/\/answear.sk\/blog\/wp-json\/wp\/v2\/posts\/24348\/revisions\/24361"}],"wp:featuredmedia":[{"embeddable":true,"href":"https:\/\/answear.sk\/blog\/wp-json\/wp\/v2\/media\/24350"}],"wp:attachment":[{"href":"https:\/\/answear.sk\/blog\/wp-json\/wp\/v2\/media?parent=24348"}],"wp:term":[{"taxonomy":"category","embeddable":true,"href":"https:\/\/answear.sk\/blog\/wp-json\/wp\/v2\/categories?post=24348"},{"taxonomy":"post_tag","embeddable":true,"href":"https:\/\/answear.sk\/blog\/wp-json\/wp\/v2\/tags?post=24348"}],"curies":[{"name":"wp","href":"https:\/\/api.w.org\/{rel}","templated":true}]}}