{"id":24362,"date":"2025-10-29T09:11:15","date_gmt":"2025-10-29T08:11:15","guid":{"rendered":"https:\/\/answear.sk\/blog\/?p=24362"},"modified":"2025-10-29T09:12:07","modified_gmt":"2025-10-29T08:12:07","slug":"barbour-x-farm-rio-ked-sa-britska-klasika-stretne-s-brazilskou-radostou-zo-zivota","status":"publish","type":"post","link":"https:\/\/answear.sk\/blog\/barbour-x-farm-rio-ked-sa-britska-klasika-stretne-s-brazilskou-radostou-zo-zivota\/24362","title":{"rendered":"Barbour x FARM Rio \u2013 ke\u010f sa britsk\u00e1 klasika stretne s braz\u00edlskou rados\u0165ou zo \u017eivota"},"content":{"rendered":"<span class=\"rt-reading-time\" style=\"display: block;\"><span class=\"rt-label rt-prefix\">\u010c\u00edtanie na <\/span> <span class=\"rt-time\">3<\/span> <span class=\"rt-label rt-postfix\">min\u00faty<\/span><\/span>\r\n<p><strong>Barbour a FARM Rio spojili svoje svety, aby vytvorili kolekciu, ktor\u00e1 prep\u00e1ja \u0161arm britsk\u00e9ho vidieka s energiou a farebnos\u0165ou Braz\u00edlie. V\u00fdsledkom je jedine\u010dn\u00e9 spojenie trad\u00edcie a modernosti \u2013 v oble\u010den\u00ed, doplnkoch aj obuvi, ktor\u00e9 vnesie do tvojho \u0161atn\u00edka z\u00e1van \u010derstvosti a kreativity.<\/strong><\/p>\r\n\r\n\r\n\r\n<p><!--more--><\/p>\r\n\r\n\r\n\r\n<h2 class=\"wp-block-heading\">Tam, kde sa braz\u00edlske tr\u00f3py stret\u00e1vaj\u00fa s britskou krajinou<\/h2>\r\n\r\n\r\n\r\n<p class=\"bigletter\">Kolekcia <s>Barbour<\/s> x <s>FARM Rio<\/s> je stretnut\u00edm dvoch svetov, ktor\u00e9 by na prv\u00fd poh\u013ead nemohli by\u0165 odli\u0161nej\u0161ie \u2013 no spolu vytv\u00e1raj\u00fa harmonick\u00fa rovnov\u00e1hu. Britsk\u00e1 sofistikovanos\u0165 <s>Barbour<\/s> sa tu prel\u00edna s nesp\u00fatanou energiou <s>FARM Rio<\/s>, \u010d\u00edm vznik\u00e1 nov\u00fd priestor, kde sa trad\u00edcia stret\u00e1va s rados\u0165ou, farby s hmlou a tropick\u00e9 kvety s ikonick\u00fdm tv\u00eddom.<\/p>\r\n\r\n\r\n\r\n<figure class=\"wp-block-gallery has-nested-images columns-default is-cropped wp-block-gallery-1 is-layout-flex wp-block-gallery-is-layout-flex\">\r\n<figure class=\"wp-block-image size-large\"><img loading=\"lazy\" decoding=\"async\" width=\"463\" height=\"695\" data-id=\"24366\" class=\"wp-image-24366\" src=\"https:\/\/answear.sk\/blog\/wp-content\/uploads\/2025\/10\/AW25-Barbour-FARM-Rio-Ana-Clara-Quilt-LQU1871PI51-Thais-Mini-Skirt-LSK0137MI11-Cami-Wellington-LFR0124MI13-768x1152-1-463x695.webp\" alt=\"\" srcset=\"https:\/\/answear.sk\/blog\/wp-content\/uploads\/2025\/10\/AW25-Barbour-FARM-Rio-Ana-Clara-Quilt-LQU1871PI51-Thais-Mini-Skirt-LSK0137MI11-Cami-Wellington-LFR0124MI13-768x1152-1-463x695.webp 463w, https:\/\/answear.sk\/blog\/wp-content\/uploads\/2025\/10\/AW25-Barbour-FARM-Rio-Ana-Clara-Quilt-LQU1871PI51-Thais-Mini-Skirt-LSK0137MI11-Cami-Wellington-LFR0124MI13-768x1152-1.webp 768w\" sizes=\"(max-width: 463px) 100vw, 463px\" \/><\/figure>\r\n\r\n\r\n\r\n<figure class=\"wp-block-image size-large\"><img loading=\"lazy\" decoding=\"async\" width=\"470\" height=\"695\" data-id=\"24365\" class=\"wp-image-24365\" src=\"https:\/\/answear.sk\/blog\/wp-content\/uploads\/2025\/10\/AW25-Barbour-FARM-Rio-Ana-Clara-Quilt-LQU1871PI51-768x1135-1-470x695.webp\" alt=\"\" srcset=\"https:\/\/answear.sk\/blog\/wp-content\/uploads\/2025\/10\/AW25-Barbour-FARM-Rio-Ana-Clara-Quilt-LQU1871PI51-768x1135-1-470x695.webp 470w, https:\/\/answear.sk\/blog\/wp-content\/uploads\/2025\/10\/AW25-Barbour-FARM-Rio-Ana-Clara-Quilt-LQU1871PI51-768x1135-1.webp 768w\" sizes=\"(max-width: 470px) 100vw, 470px\" \/><\/figure>\r\n\r\n\r\n\r\n<figure class=\"wp-block-image size-large\"><img loading=\"lazy\" decoding=\"async\" width=\"463\" height=\"695\" data-id=\"24368\" class=\"wp-image-24368\" src=\"https:\/\/answear.sk\/blog\/wp-content\/uploads\/2025\/10\/AW25-Barbour-FARM-Rio-Ana-Clara-Quilt-LQU1871PI51-2-768x1152-1-463x695.webp\" alt=\"\" srcset=\"https:\/\/answear.sk\/blog\/wp-content\/uploads\/2025\/10\/AW25-Barbour-FARM-Rio-Ana-Clara-Quilt-LQU1871PI51-2-768x1152-1-463x695.webp 463w, https:\/\/answear.sk\/blog\/wp-content\/uploads\/2025\/10\/AW25-Barbour-FARM-Rio-Ana-Clara-Quilt-LQU1871PI51-2-768x1152-1.webp 768w\" sizes=\"(max-width: 463px) 100vw, 463px\" \/><\/figure>\r\n\r\n\r\n\r\n<figure class=\"wp-block-image size-large\"><img loading=\"lazy\" decoding=\"async\" width=\"1043\" height=\"695\" data-id=\"24367\" class=\"wp-image-24367\" src=\"https:\/\/answear.sk\/blog\/wp-content\/uploads\/2025\/10\/AW25-Barbour-FARM-Rio-Cami-Quilt-LQU1870WH12-Thais-Short-Welly-LFRO123M11-1536x1024-1-1043x695.webp\" alt=\"\" srcset=\"https:\/\/answear.sk\/blog\/wp-content\/uploads\/2025\/10\/AW25-Barbour-FARM-Rio-Cami-Quilt-LQU1870WH12-Thais-Short-Welly-LFRO123M11-1536x1024-1-1043x695.webp 1043w, https:\/\/answear.sk\/blog\/wp-content\/uploads\/2025\/10\/AW25-Barbour-FARM-Rio-Cami-Quilt-LQU1870WH12-Thais-Short-Welly-LFRO123M11-1536x1024-1-768x512.webp 768w, https:\/\/answear.sk\/blog\/wp-content\/uploads\/2025\/10\/AW25-Barbour-FARM-Rio-Cami-Quilt-LQU1870WH12-Thais-Short-Welly-LFRO123M11-1536x1024-1-272x182.webp 272w, https:\/\/answear.sk\/blog\/wp-content\/uploads\/2025\/10\/AW25-Barbour-FARM-Rio-Cami-Quilt-LQU1870WH12-Thais-Short-Welly-LFRO123M11-1536x1024-1.webp 1536w\" sizes=\"(max-width: 1043px) 100vw, 1043px\" \/><\/figure>\r\n<\/figure>\r\n\r\n\r\n\r\n<p><s>Barbour<\/s>, majster vo vytv\u00e1ran\u00ed nad\u010dasov\u00fdch k\u00faskov pre ka\u017ed\u00e9 po\u010dasie, prin\u00e1\u0161a do kolekcie svoje typick\u00e9 materi\u00e1ly \u2013 voskovan\u00e9 a pre\u0161\u00edvan\u00e9 l\u00e1tky, men\u010dester a rustik\u00e1lne detaily. <s>FARM Rio<\/s> ich dop\u013a\u0148a svojimi charakteristick\u00fdmi tropick\u00fdmi mot\u00edvmi, odv\u00e1\u017enymi vzormi a \u017eiarivou paletou farieb, ktor\u00e9 okam\u017eite rozjasnia aj ten najpochm\u00farnej\u0161\u00ed de\u0148.<\/p>\r\n\r\n\r\n\r\n<div class=\"wp-block-buttons is-content-justification-center is-layout-flex wp-container-core-buttons-is-layout-1 wp-block-buttons-is-layout-flex\">\r\n<div class=\"wp-block-button\"><a class=\"wp-block-button__link wp-element-button\" href=\"https:\/\/answear.sk\/m\/barbour\/\">Barbour x FARM Rio<\/a><\/div>\r\n<\/div>\r\n\r\n\r\n\r\n<h2 class=\"wp-block-heading\">Farby, ktor\u00e9 rozpr\u00e1vaj\u00fa pr\u00edbeh<\/h2>\r\n\r\n\r\n\r\n<p>Pre t\u00fato spolupr\u00e1cu vznikli tri exkluz\u00edvne potla\u010de, ktor\u00e9 sp\u00e1jaj\u00fa l\u00e1sku <s>FARM Rio<\/s> k pr\u00edrode a farb\u00e1m s tradi\u010dn\u00fdmi tartanmi <s>Barbour<\/s> a jemnou olivovou farebnos\u0165ou britsk\u00e9ho vidieka. Je to vizu\u00e1lny dial\u00f3g medzi da\u017e\u010fom a slnkom, medzi pokojom a v\u00e1\u0161\u0148ou.<\/p>\r\n\r\n\r\n\r\n<figure class=\"wp-block-gallery has-nested-images columns-default is-cropped wp-block-gallery-2 is-layout-flex wp-block-gallery-is-layout-flex\">\r\n<figure class=\"wp-block-image size-large\"><img loading=\"lazy\" decoding=\"async\" width=\"463\" height=\"695\" data-id=\"24370\" class=\"wp-image-24370\" src=\"https:\/\/answear.sk\/blog\/wp-content\/uploads\/2025\/10\/AW25-Barbour-FARM-Rio-Luana-Wax-Jacket-LWX1503GN71-Pineapple-Dog-Coat-DC0092GN71-768x1152-1-463x695.webp\" alt=\"\" srcset=\"https:\/\/answear.sk\/blog\/wp-content\/uploads\/2025\/10\/AW25-Barbour-FARM-Rio-Luana-Wax-Jacket-LWX1503GN71-Pineapple-Dog-Coat-DC0092GN71-768x1152-1-463x695.webp 463w, https:\/\/answear.sk\/blog\/wp-content\/uploads\/2025\/10\/AW25-Barbour-FARM-Rio-Luana-Wax-Jacket-LWX1503GN71-Pineapple-Dog-Coat-DC0092GN71-768x1152-1.webp 768w\" sizes=\"(max-width: 463px) 100vw, 463px\" \/><\/figure>\r\n\r\n\r\n\r\n<figure class=\"wp-block-image size-large\"><img loading=\"lazy\" decoding=\"async\" width=\"463\" height=\"695\" data-id=\"24371\" class=\"wp-image-24371\" src=\"https:\/\/answear.sk\/blog\/wp-content\/uploads\/2025\/10\/AW25-Barbour-FARM-Rio-Luisa-Quilt-LQU1869GN71-768x1152-1-463x695.webp\" alt=\"\" srcset=\"https:\/\/answear.sk\/blog\/wp-content\/uploads\/2025\/10\/AW25-Barbour-FARM-Rio-Luisa-Quilt-LQU1869GN71-768x1152-1-463x695.webp 463w, https:\/\/answear.sk\/blog\/wp-content\/uploads\/2025\/10\/AW25-Barbour-FARM-Rio-Luisa-Quilt-LQU1869GN71-768x1152-1.webp 768w\" sizes=\"(max-width: 463px) 100vw, 463px\" \/><\/figure>\r\n\r\n\r\n\r\n<figure class=\"wp-block-image size-large\"><img loading=\"lazy\" decoding=\"async\" width=\"462\" height=\"695\" data-id=\"24372\" class=\"wp-image-24372\" src=\"https:\/\/answear.sk\/blog\/wp-content\/uploads\/2025\/10\/AW25-Barbour-FARM-Rio-Luisa-Quilt-LQU1869GN71-Ana-Clara-Long-Sleeve-Mini-Dress-LDR0959MI13-Ana-Clara-Bow-Bag-LBA0477GN71-768x1156-1-462x695.webp\" alt=\"\" srcset=\"https:\/\/answear.sk\/blog\/wp-content\/uploads\/2025\/10\/AW25-Barbour-FARM-Rio-Luisa-Quilt-LQU1869GN71-Ana-Clara-Long-Sleeve-Mini-Dress-LDR0959MI13-Ana-Clara-Bow-Bag-LBA0477GN71-768x1156-1-462x695.webp 462w, https:\/\/answear.sk\/blog\/wp-content\/uploads\/2025\/10\/AW25-Barbour-FARM-Rio-Luisa-Quilt-LQU1869GN71-Ana-Clara-Long-Sleeve-Mini-Dress-LDR0959MI13-Ana-Clara-Bow-Bag-LBA0477GN71-768x1156-1.webp 768w\" sizes=\"(max-width: 462px) 100vw, 462px\" \/><\/figure>\r\n\r\n\r\n\r\n<figure class=\"wp-block-image size-large\"><img loading=\"lazy\" decoding=\"async\" width=\"463\" height=\"695\" data-id=\"24373\" class=\"wp-image-24373\" src=\"https:\/\/answear.sk\/blog\/wp-content\/uploads\/2025\/10\/AW25-Barbour-FARM-Rio-Maria-Clara-Wax-Jacket-LWX1504GN51-2-768x1152-1-463x695.webp\" alt=\"\" srcset=\"https:\/\/answear.sk\/blog\/wp-content\/uploads\/2025\/10\/AW25-Barbour-FARM-Rio-Maria-Clara-Wax-Jacket-LWX1504GN51-2-768x1152-1-463x695.webp 463w, https:\/\/answear.sk\/blog\/wp-content\/uploads\/2025\/10\/AW25-Barbour-FARM-Rio-Maria-Clara-Wax-Jacket-LWX1504GN51-2-768x1152-1.webp 768w\" sizes=\"(max-width: 463px) 100vw, 463px\" \/><\/figure>\r\n\r\n\r\n\r\n<figure class=\"wp-block-image size-large\"><img loading=\"lazy\" decoding=\"async\" width=\"463\" height=\"695\" data-id=\"24374\" class=\"wp-image-24374\" src=\"https:\/\/answear.sk\/blog\/wp-content\/uploads\/2025\/10\/AW25-Barbour-FARM-Rio-Maria-Clara-Wax-Jacket-LWX1504GN51-768x1153-1-463x695.webp\" alt=\"\" srcset=\"https:\/\/answear.sk\/blog\/wp-content\/uploads\/2025\/10\/AW25-Barbour-FARM-Rio-Maria-Clara-Wax-Jacket-LWX1504GN51-768x1153-1-463x695.webp 463w, https:\/\/answear.sk\/blog\/wp-content\/uploads\/2025\/10\/AW25-Barbour-FARM-Rio-Maria-Clara-Wax-Jacket-LWX1504GN51-768x1153-1.webp 768w\" sizes=\"(max-width: 463px) 100vw, 463px\" \/><\/figure>\r\n\r\n\r\n\r\n<figure class=\"wp-block-image size-large\"><img loading=\"lazy\" decoding=\"async\" width=\"463\" height=\"695\" data-id=\"24375\" class=\"wp-image-24375\" src=\"https:\/\/answear.sk\/blog\/wp-content\/uploads\/2025\/10\/AW25-Barbour-FARM-Rio-Thais-Wax-Jacket-LWX1505RE91-2-768x1152-1-463x695.webp\" alt=\"\" srcset=\"https:\/\/answear.sk\/blog\/wp-content\/uploads\/2025\/10\/AW25-Barbour-FARM-Rio-Thais-Wax-Jacket-LWX1505RE91-2-768x1152-1-463x695.webp 463w, https:\/\/answear.sk\/blog\/wp-content\/uploads\/2025\/10\/AW25-Barbour-FARM-Rio-Thais-Wax-Jacket-LWX1505RE91-2-768x1152-1.webp 768w\" sizes=\"(max-width: 463px) 100vw, 463px\" \/><\/figure>\r\n<\/figure>\r\n\r\n\r\n\r\n<h2 class=\"wp-block-heading\">\u0160t\u00fdl, ktor\u00fd in\u0161piruje<\/h2>\r\n\r\n\r\n\r\n<p>Tv\u00e1rou kampane sa stala britsk\u00e1 modelka a here\u010dka <s>Imogen Waterhouse<\/s>, ktor\u00e1 dokonale vystihuje atmosf\u00e9ru tejto spolupr\u00e1ce \u2013 prirodzen\u00e1, elegantn\u00e1, no s iskrou dobrodru\u017estva. Fotografie z kampane d\u00fdchaj\u00fa slobodou a poz\u00fdvaj\u00fa objavi\u0165 nov\u00fd, in\u0161pirat\u00edvny raj ukryt\u00fd v tvojom \u0161atn\u00edku.<\/p>\r\n\r\n\r\n\r\n<figure class=\"wp-block-image size-large\"><img loading=\"lazy\" decoding=\"async\" width=\"1043\" height=\"695\" class=\"wp-image-24369\" src=\"https:\/\/answear.sk\/blog\/wp-content\/uploads\/2025\/10\/image-5-1043x695.png\" alt=\"\" srcset=\"https:\/\/answear.sk\/blog\/wp-content\/uploads\/2025\/10\/image-5-1043x695.png 1043w, https:\/\/answear.sk\/blog\/wp-content\/uploads\/2025\/10\/image-5-768x512.png 768w, https:\/\/answear.sk\/blog\/wp-content\/uploads\/2025\/10\/image-5-272x182.png 272w, https:\/\/answear.sk\/blog\/wp-content\/uploads\/2025\/10\/image-5.png 1536w\" sizes=\"(max-width: 1043px) 100vw, 1043px\" \/><\/figure>\r\n\r\n\r\n\r\n<h2 class=\"wp-block-heading\">Barbour x FARM Rio \u2013 spojen\u00e9 svetmi, zjednoten\u00e9 \u0161t\u00fdlom<\/h2>\r\n\r\n\r\n\r\n<p class=\"kropka\">T\u00e1to kolekcia je viac ne\u017e len m\u00f3dna kolabor\u00e1cia. Je to oslava rozmanitosti, kreativity a radosti zo \u017eivota. Preto\u017ee ke\u010f sa britsk\u00e1 trad\u00edcia stretne s braz\u00edlskym temperamentom, vznikne nie\u010do, \u010do sa ned\u00e1 zaradi\u0165 \u2013 ale \u010do c\u00edti\u0161 hne\u010f, ako si to oble\u010die\u0161.<\/p>\r\n","protected":false},"excerpt":{"rendered":"<p><span class=\"rt-reading-time\" style=\"display: block;\"><span class=\"rt-label rt-prefix\">\u010c\u00edtanie na <\/span> <span class=\"rt-time\">3<\/span> <span class=\"rt-label rt-postfix\">min\u00faty<\/span><\/span> Barbour a FARM Rio spojili svoje svety, aby vytvorili kolekciu, ktor\u00e1 prep\u00e1ja \u0161arm britsk\u00e9ho vidieka s energiou a farebnos\u0165ou Braz\u00edlie. V\u00fdsledkom je jedine\u010dn\u00e9 spojenie trad\u00edcie a modernosti \u2013 v oble\u010den\u00ed, doplnkoch aj obuvi, ktor\u00e9 vnesie do tvojho \u0161atn\u00edka z\u00e1van \u010derstvosti a kreativity.<\/p>\n","protected":false},"author":37,"featured_media":24364,"comment_status":"closed","ping_status":"closed","sticky":false,"template":"","format":"standard","meta":{"footnotes":""},"categories":[676],"tags":[],"yoast_head":"<!-- This site is optimized with the Yoast SEO plugin v22.2 - https:\/\/yoast.com\/wordpress\/plugins\/seo\/ -->\n<title>Barbour x FARM Rio \u2013 ke\u010f sa britsk\u00e1 klasika stretne s braz\u00edlskou rados\u0165ou zo \u017eivota - answear.sk blog<\/title>\n<meta name=\"description\" content=\"Barbour a FARM Rio spojili svoje svety, aby vytvorili kolekciu, ktor\u00e1 prep\u00e1ja \u0161arm britsk\u00e9ho vidieka s energiou a farebnos\u0165ou Braz\u00edlie. V\u00fdsledkom je\" \/>\n<meta name=\"robots\" content=\"index, follow, max-snippet:-1, max-image-preview:large, max-video-preview:-1\" \/>\n<link rel=\"canonical\" href=\"https:\/\/answear.sk\/blog\/barbour-x-farm-rio-ked-sa-britska-klasika-stretne-s-brazilskou-radostou-zo-zivota\/24362\" \/>\n<meta property=\"og:locale\" content=\"sk_SK\" \/>\n<meta property=\"og:type\" content=\"article\" \/>\n<meta property=\"og:title\" content=\"Barbour x FARM Rio \u2013 ke\u010f sa britsk\u00e1 klasika stretne s braz\u00edlskou rados\u0165ou zo \u017eivota - answear.sk blog\" \/>\n<meta property=\"og:description\" content=\"Barbour a FARM Rio spojili svoje svety, aby vytvorili kolekciu, ktor\u00e1 prep\u00e1ja \u0161arm britsk\u00e9ho vidieka s energiou a farebnos\u0165ou Braz\u00edlie. V\u00fdsledkom je\" \/>\n<meta property=\"og:url\" content=\"https:\/\/answear.sk\/blog\/barbour-x-farm-rio-ked-sa-britska-klasika-stretne-s-brazilskou-radostou-zo-zivota\/24362\" \/>\n<meta property=\"og:site_name\" content=\"answear.sk blog\" \/>\n<meta property=\"article:published_time\" content=\"2025-10-29T08:11:15+00:00\" \/>\n<meta property=\"article:modified_time\" content=\"2025-10-29T08:12:07+00:00\" \/>\n<meta property=\"og:image\" content=\"https:\/\/answear.sk\/blog\/wp-content\/uploads\/2025\/10\/AW25-Barbour-FARM-Rio-Thais-Wax-Jacket-LWX1505RE91-Alice-Cap-LHA0596GN51-1680x695-1.webp\" \/>\n\t<meta property=\"og:image:width\" content=\"1680\" \/>\n\t<meta property=\"og:image:height\" content=\"695\" \/>\n\t<meta property=\"og:image:type\" content=\"image\/webp\" \/>\n<meta name=\"author\" content=\"Michaela\" \/>\n<meta name=\"twitter:card\" content=\"summary_large_image\" \/>\n<meta name=\"twitter:label1\" content=\"Autor\" \/>\n\t<meta name=\"twitter:data1\" content=\"Michaela\" \/>\n\t<meta name=\"twitter:label2\" content=\"Predpokladan\u00fd \u010das \u010d\u00edtania\" \/>\n\t<meta name=\"twitter:data2\" content=\"4 min\u00faty\" \/>\n<script type=\"application\/ld+json\" class=\"yoast-schema-graph\">{\"@context\":\"https:\/\/schema.org\",\"@graph\":[{\"@type\":\"WebPage\",\"@id\":\"https:\/\/answear.sk\/blog\/barbour-x-farm-rio-ked-sa-britska-klasika-stretne-s-brazilskou-radostou-zo-zivota\/24362\",\"url\":\"https:\/\/answear.sk\/blog\/barbour-x-farm-rio-ked-sa-britska-klasika-stretne-s-brazilskou-radostou-zo-zivota\/24362\",\"name\":\"Barbour x FARM Rio \u2013 ke\u010f sa britsk\u00e1 klasika stretne s braz\u00edlskou rados\u0165ou zo \u017eivota - answear.sk blog\",\"isPartOf\":{\"@id\":\"https:\/\/answear.sk\/blog\/#website\"},\"primaryImageOfPage\":{\"@id\":\"https:\/\/answear.sk\/blog\/barbour-x-farm-rio-ked-sa-britska-klasika-stretne-s-brazilskou-radostou-zo-zivota\/24362#primaryimage\"},\"image\":{\"@id\":\"https:\/\/answear.sk\/blog\/barbour-x-farm-rio-ked-sa-britska-klasika-stretne-s-brazilskou-radostou-zo-zivota\/24362#primaryimage\"},\"thumbnailUrl\":\"https:\/\/answear.sk\/blog\/wp-content\/uploads\/2025\/10\/AW25-Barbour-FARM-Rio-Thais-Wax-Jacket-LWX1505RE91-Alice-Cap-LHA0596GN51-1680x695-1.webp\",\"datePublished\":\"2025-10-29T08:11:15+00:00\",\"dateModified\":\"2025-10-29T08:12:07+00:00\",\"author\":{\"@id\":\"https:\/\/answear.sk\/blog\/#\/schema\/person\/d74cf30355490c4f5593af0380ad73b8\"},\"description\":\"Barbour a FARM Rio spojili svoje svety, aby vytvorili kolekciu, ktor\u00e1 prep\u00e1ja \u0161arm britsk\u00e9ho vidieka s energiou a farebnos\u0165ou Braz\u00edlie. V\u00fdsledkom je\",\"breadcrumb\":{\"@id\":\"https:\/\/answear.sk\/blog\/barbour-x-farm-rio-ked-sa-britska-klasika-stretne-s-brazilskou-radostou-zo-zivota\/24362#breadcrumb\"},\"inLanguage\":\"sk-SK\",\"potentialAction\":[{\"@type\":\"ReadAction\",\"target\":[\"https:\/\/answear.sk\/blog\/barbour-x-farm-rio-ked-sa-britska-klasika-stretne-s-brazilskou-radostou-zo-zivota\/24362\"]}]},{\"@type\":\"ImageObject\",\"inLanguage\":\"sk-SK\",\"@id\":\"https:\/\/answear.sk\/blog\/barbour-x-farm-rio-ked-sa-britska-klasika-stretne-s-brazilskou-radostou-zo-zivota\/24362#primaryimage\",\"url\":\"https:\/\/answear.sk\/blog\/wp-content\/uploads\/2025\/10\/AW25-Barbour-FARM-Rio-Thais-Wax-Jacket-LWX1505RE91-Alice-Cap-LHA0596GN51-1680x695-1.webp\",\"contentUrl\":\"https:\/\/answear.sk\/blog\/wp-content\/uploads\/2025\/10\/AW25-Barbour-FARM-Rio-Thais-Wax-Jacket-LWX1505RE91-Alice-Cap-LHA0596GN51-1680x695-1.webp\",\"width\":1680,\"height\":695},{\"@type\":\"BreadcrumbList\",\"@id\":\"https:\/\/answear.sk\/blog\/barbour-x-farm-rio-ked-sa-britska-klasika-stretne-s-brazilskou-radostou-zo-zivota\/24362#breadcrumb\",\"itemListElement\":[{\"@type\":\"ListItem\",\"position\":1,\"name\":\"Domovsk\u00e1 str\u00e1nka\",\"item\":\"https:\/\/answear.sk\/blog\/\"},{\"@type\":\"ListItem\",\"position\":2,\"name\":\"Barbour x FARM Rio \u2013 ke\u010f sa britsk\u00e1 klasika stretne s braz\u00edlskou rados\u0165ou zo \u017eivota\"}]},{\"@type\":\"WebSite\",\"@id\":\"https:\/\/answear.sk\/blog\/#website\",\"url\":\"https:\/\/answear.sk\/blog\/\",\"name\":\"answear.sk blog\",\"description\":\"M\u00f3da, trendy, rady a tipy od stylistov, novinky zo sveta m\u00f3dy. We know the ANSWEAR ;-)\",\"potentialAction\":[{\"@type\":\"SearchAction\",\"target\":{\"@type\":\"EntryPoint\",\"urlTemplate\":\"https:\/\/answear.sk\/blog\/?s={search_term_string}\"},\"query-input\":\"required name=search_term_string\"}],\"inLanguage\":\"sk-SK\"},{\"@type\":\"Person\",\"@id\":\"https:\/\/answear.sk\/blog\/#\/schema\/person\/d74cf30355490c4f5593af0380ad73b8\",\"name\":\"Michaela\",\"image\":{\"@type\":\"ImageObject\",\"inLanguage\":\"sk-SK\",\"@id\":\"https:\/\/answear.sk\/blog\/#\/schema\/person\/image\/\",\"url\":\"https:\/\/secure.gravatar.com\/avatar\/18f0c4fbe526d147f1b3894de0ce040d?s=96&d=mm&r=g\",\"contentUrl\":\"https:\/\/secure.gravatar.com\/avatar\/18f0c4fbe526d147f1b3894de0ce040d?s=96&d=mm&r=g\",\"caption\":\"Michaela\"},\"url\":\"https:\/\/answear.sk\/blog\/author\/michaela\"}]}<\/script>\n<!-- \/ Yoast SEO plugin. -->","yoast_head_json":{"title":"Barbour x FARM Rio \u2013 ke\u010f sa britsk\u00e1 klasika stretne s braz\u00edlskou rados\u0165ou zo \u017eivota - answear.sk blog","description":"Barbour a FARM Rio spojili svoje svety, aby vytvorili kolekciu, ktor\u00e1 prep\u00e1ja \u0161arm britsk\u00e9ho vidieka s energiou a farebnos\u0165ou Braz\u00edlie. V\u00fdsledkom je","robots":{"index":"index","follow":"follow","max-snippet":"max-snippet:-1","max-image-preview":"max-image-preview:large","max-video-preview":"max-video-preview:-1"},"canonical":"https:\/\/answear.sk\/blog\/barbour-x-farm-rio-ked-sa-britska-klasika-stretne-s-brazilskou-radostou-zo-zivota\/24362","og_locale":"sk_SK","og_type":"article","og_title":"Barbour x FARM Rio \u2013 ke\u010f sa britsk\u00e1 klasika stretne s braz\u00edlskou rados\u0165ou zo \u017eivota - answear.sk blog","og_description":"Barbour a FARM Rio spojili svoje svety, aby vytvorili kolekciu, ktor\u00e1 prep\u00e1ja \u0161arm britsk\u00e9ho vidieka s energiou a farebnos\u0165ou Braz\u00edlie. V\u00fdsledkom je","og_url":"https:\/\/answear.sk\/blog\/barbour-x-farm-rio-ked-sa-britska-klasika-stretne-s-brazilskou-radostou-zo-zivota\/24362","og_site_name":"answear.sk blog","article_published_time":"2025-10-29T08:11:15+00:00","article_modified_time":"2025-10-29T08:12:07+00:00","og_image":[{"width":1680,"height":695,"url":"https:\/\/answear.sk\/blog\/wp-content\/uploads\/2025\/10\/AW25-Barbour-FARM-Rio-Thais-Wax-Jacket-LWX1505RE91-Alice-Cap-LHA0596GN51-1680x695-1.webp","type":"image\/webp"}],"author":"Michaela","twitter_card":"summary_large_image","twitter_misc":{"Autor":"Michaela","Predpokladan\u00fd \u010das \u010d\u00edtania":"4 min\u00faty"},"schema":{"@context":"https:\/\/schema.org","@graph":[{"@type":"WebPage","@id":"https:\/\/answear.sk\/blog\/barbour-x-farm-rio-ked-sa-britska-klasika-stretne-s-brazilskou-radostou-zo-zivota\/24362","url":"https:\/\/answear.sk\/blog\/barbour-x-farm-rio-ked-sa-britska-klasika-stretne-s-brazilskou-radostou-zo-zivota\/24362","name":"Barbour x FARM Rio \u2013 ke\u010f sa britsk\u00e1 klasika stretne s braz\u00edlskou rados\u0165ou zo \u017eivota - answear.sk blog","isPartOf":{"@id":"https:\/\/answear.sk\/blog\/#website"},"primaryImageOfPage":{"@id":"https:\/\/answear.sk\/blog\/barbour-x-farm-rio-ked-sa-britska-klasika-stretne-s-brazilskou-radostou-zo-zivota\/24362#primaryimage"},"image":{"@id":"https:\/\/answear.sk\/blog\/barbour-x-farm-rio-ked-sa-britska-klasika-stretne-s-brazilskou-radostou-zo-zivota\/24362#primaryimage"},"thumbnailUrl":"https:\/\/answear.sk\/blog\/wp-content\/uploads\/2025\/10\/AW25-Barbour-FARM-Rio-Thais-Wax-Jacket-LWX1505RE91-Alice-Cap-LHA0596GN51-1680x695-1.webp","datePublished":"2025-10-29T08:11:15+00:00","dateModified":"2025-10-29T08:12:07+00:00","author":{"@id":"https:\/\/answear.sk\/blog\/#\/schema\/person\/d74cf30355490c4f5593af0380ad73b8"},"description":"Barbour a FARM Rio spojili svoje svety, aby vytvorili kolekciu, ktor\u00e1 prep\u00e1ja \u0161arm britsk\u00e9ho vidieka s energiou a farebnos\u0165ou Braz\u00edlie. V\u00fdsledkom je","breadcrumb":{"@id":"https:\/\/answear.sk\/blog\/barbour-x-farm-rio-ked-sa-britska-klasika-stretne-s-brazilskou-radostou-zo-zivota\/24362#breadcrumb"},"inLanguage":"sk-SK","potentialAction":[{"@type":"ReadAction","target":["https:\/\/answear.sk\/blog\/barbour-x-farm-rio-ked-sa-britska-klasika-stretne-s-brazilskou-radostou-zo-zivota\/24362"]}]},{"@type":"ImageObject","inLanguage":"sk-SK","@id":"https:\/\/answear.sk\/blog\/barbour-x-farm-rio-ked-sa-britska-klasika-stretne-s-brazilskou-radostou-zo-zivota\/24362#primaryimage","url":"https:\/\/answear.sk\/blog\/wp-content\/uploads\/2025\/10\/AW25-Barbour-FARM-Rio-Thais-Wax-Jacket-LWX1505RE91-Alice-Cap-LHA0596GN51-1680x695-1.webp","contentUrl":"https:\/\/answear.sk\/blog\/wp-content\/uploads\/2025\/10\/AW25-Barbour-FARM-Rio-Thais-Wax-Jacket-LWX1505RE91-Alice-Cap-LHA0596GN51-1680x695-1.webp","width":1680,"height":695},{"@type":"BreadcrumbList","@id":"https:\/\/answear.sk\/blog\/barbour-x-farm-rio-ked-sa-britska-klasika-stretne-s-brazilskou-radostou-zo-zivota\/24362#breadcrumb","itemListElement":[{"@type":"ListItem","position":1,"name":"Domovsk\u00e1 str\u00e1nka","item":"https:\/\/answear.sk\/blog\/"},{"@type":"ListItem","position":2,"name":"Barbour x FARM Rio \u2013 ke\u010f sa britsk\u00e1 klasika stretne s braz\u00edlskou rados\u0165ou zo \u017eivota"}]},{"@type":"WebSite","@id":"https:\/\/answear.sk\/blog\/#website","url":"https:\/\/answear.sk\/blog\/","name":"answear.sk blog","description":"M\u00f3da, trendy, rady a tipy od stylistov, novinky zo sveta m\u00f3dy. We know the ANSWEAR ;-)","potentialAction":[{"@type":"SearchAction","target":{"@type":"EntryPoint","urlTemplate":"https:\/\/answear.sk\/blog\/?s={search_term_string}"},"query-input":"required name=search_term_string"}],"inLanguage":"sk-SK"},{"@type":"Person","@id":"https:\/\/answear.sk\/blog\/#\/schema\/person\/d74cf30355490c4f5593af0380ad73b8","name":"Michaela","image":{"@type":"ImageObject","inLanguage":"sk-SK","@id":"https:\/\/answear.sk\/blog\/#\/schema\/person\/image\/","url":"https:\/\/secure.gravatar.com\/avatar\/18f0c4fbe526d147f1b3894de0ce040d?s=96&d=mm&r=g","contentUrl":"https:\/\/secure.gravatar.com\/avatar\/18f0c4fbe526d147f1b3894de0ce040d?s=96&d=mm&r=g","caption":"Michaela"},"url":"https:\/\/answear.sk\/blog\/author\/michaela"}]}},"_links":{"self":[{"href":"https:\/\/answear.sk\/blog\/wp-json\/wp\/v2\/posts\/24362"}],"collection":[{"href":"https:\/\/answear.sk\/blog\/wp-json\/wp\/v2\/posts"}],"about":[{"href":"https:\/\/answear.sk\/blog\/wp-json\/wp\/v2\/types\/post"}],"author":[{"embeddable":true,"href":"https:\/\/answear.sk\/blog\/wp-json\/wp\/v2\/users\/37"}],"replies":[{"embeddable":true,"href":"https:\/\/answear.sk\/blog\/wp-json\/wp\/v2\/comments?post=24362"}],"version-history":[{"count":4,"href":"https:\/\/answear.sk\/blog\/wp-json\/wp\/v2\/posts\/24362\/revisions"}],"predecessor-version":[{"id":24378,"href":"https:\/\/answear.sk\/blog\/wp-json\/wp\/v2\/posts\/24362\/revisions\/24378"}],"wp:featuredmedia":[{"embeddable":true,"href":"https:\/\/answear.sk\/blog\/wp-json\/wp\/v2\/media\/24364"}],"wp:attachment":[{"href":"https:\/\/answear.sk\/blog\/wp-json\/wp\/v2\/media?parent=24362"}],"wp:term":[{"taxonomy":"category","embeddable":true,"href":"https:\/\/answear.sk\/blog\/wp-json\/wp\/v2\/categories?post=24362"},{"taxonomy":"post_tag","embeddable":true,"href":"https:\/\/answear.sk\/blog\/wp-json\/wp\/v2\/tags?post=24362"}],"curies":[{"name":"wp","href":"https:\/\/api.w.org\/{rel}","templated":true}]}}