{"id":24427,"date":"2025-12-03T13:44:33","date_gmt":"2025-12-03T12:44:33","guid":{"rendered":"https:\/\/answear.sk\/blog\/?p=24427"},"modified":"2025-12-03T13:58:38","modified_gmt":"2025-12-03T12:58:38","slug":"marc-jacobs-x-a-p-c-stretnutie-dvoch-stylovych-ikon-v-duchu-osemdesiatych-rokov","status":"publish","type":"post","link":"https:\/\/answear.sk\/blog\/marc-jacobs-x-a-p-c-stretnutie-dvoch-stylovych-ikon-v-duchu-osemdesiatych-rokov\/24427","title":{"rendered":"Marc Jacobs x A.P.C. \u2013 stretnutie dvoch \u0161t\u00fdlov\u00fdch ikon v duchu osemdesiatych rokov"},"content":{"rendered":"<span class=\"rt-reading-time\" style=\"display: block;\"><span class=\"rt-label rt-prefix\">\u010c\u00edtanie na <\/span> <span class=\"rt-time\">3<\/span> <span class=\"rt-label rt-postfix\">min\u00faty<\/span><\/span>\n<p><strong>Ke\u010f sa dvaja m\u00f3dni velik\u00e1ni \u2013 Marc Jacobs a A.P.C. \u2013 spoja, v\u00fdsledok m\u00f4\u017ee by\u0165 iba v\u00fdnimo\u010dn\u00fd. Ich spolo\u010dn\u00e1 kolekcia AW25 je radostnou cestou \u010dasom, ktor\u00e1 oslavuje v\u00fdrazn\u00fa estetiku 80. rokov a autentickos\u0165 trval\u00fdch priate\u013estiev. To, \u010do za\u010dalo ako spolo\u010dn\u00e1 in\u0161pir\u00e1cia, sa premenilo na kreat\u00edvny dial\u00f3g medzi New Yorkom a Par\u00ed\u017eom.<\/strong><\/p>\n\n\n\n<p><!--more--><\/p>\n\n\n\n<p class=\"bigletter\"><s>Marc Jacobs <\/s>  a <s>Jean Touitou <\/s> , zakladate\u013e <s>A.P.C. <\/s> , sa prv\u00fdkr\u00e1t stretli v 90. rokoch. Ich priate\u013estvo vyr\u00e1stlo na vz\u00e1jomnom pochopen\u00ed a spolo\u010dnej v\u00edzii m\u00f3dy \u2013 klasickej, no nikdy nie bojazlivej, pokia\u013e ide o experimenty. O roky nesk\u00f4r sa ich umeleck\u00e9 svety stret\u00e1vaj\u00fa v tejto pozoruhodnej kolekcii, kde sa sp\u00e1jaj\u00fa dve \u201euniverzity\u201c \u0161t\u00fdlu: americk\u00e1 nen\u00fatenos\u0165 a franc\u00fazska prec\u00edznos\u0165. V\u00fdsledok? Modern\u00e1 reinterpret\u00e1cia univerzitnej m\u00f3dy, kde sa trad\u00edcia stret\u00e1va so svie\u017eim poh\u013eadom na ka\u017edodenn\u00e9 obliekanie.<\/p>\n\n\n\n<figure class=\"wp-block-gallery has-nested-images columns-default is-cropped wp-block-gallery-1 is-layout-flex wp-block-gallery-is-layout-flex\">\n<figure class=\"wp-block-image size-large\"><img loading=\"lazy\" decoding=\"async\" width=\"504\" height=\"695\" data-id=\"24432\" src=\"https:\/\/answear.sk\/blog\/wp-content\/uploads\/2025\/12\/A.P.C._INTERACTION_28_MARC_JACOBS_4-504x695-1.webp\" alt=\"\" class=\"wp-image-24432\"\/><\/figure>\n\n\n\n<figure class=\"wp-block-image size-large\"><img loading=\"lazy\" decoding=\"async\" width=\"504\" height=\"695\" data-id=\"24434\" src=\"https:\/\/answear.sk\/blog\/wp-content\/uploads\/2025\/12\/A.P.C._INTERACTION_28_MARC_JACOBS_9-768x1059-1-504x695.webp\" alt=\"\" class=\"wp-image-24434\" srcset=\"https:\/\/answear.sk\/blog\/wp-content\/uploads\/2025\/12\/A.P.C._INTERACTION_28_MARC_JACOBS_9-768x1059-1-504x695.webp 504w, https:\/\/answear.sk\/blog\/wp-content\/uploads\/2025\/12\/A.P.C._INTERACTION_28_MARC_JACOBS_9-768x1059-1.webp 768w\" sizes=\"(max-width: 504px) 100vw, 504px\" \/><\/figure>\n\n\n\n<figure class=\"wp-block-image size-large\"><img loading=\"lazy\" decoding=\"async\" width=\"504\" height=\"695\" data-id=\"24433\" src=\"https:\/\/answear.sk\/blog\/wp-content\/uploads\/2025\/12\/A.P.C._INTERACTION_28_MARC_JACOBS_11-768x1059-1-504x695.webp\" alt=\"\" class=\"wp-image-24433\" srcset=\"https:\/\/answear.sk\/blog\/wp-content\/uploads\/2025\/12\/A.P.C._INTERACTION_28_MARC_JACOBS_11-768x1059-1-504x695.webp 504w, https:\/\/answear.sk\/blog\/wp-content\/uploads\/2025\/12\/A.P.C._INTERACTION_28_MARC_JACOBS_11-768x1059-1.webp 768w\" sizes=\"(max-width: 504px) 100vw, 504px\" \/><\/figure>\n<\/figure>\n\n\n\n<h2 class=\"wp-block-heading\">Collegiate Cool \u2013 Od arch\u00edvov k dne\u0161ku<\/h2>\n\n\n\n<p>Kapsula stoj\u00ed na estetike \u201ecollege chic\u201c. Vracia v\u0161etko, \u010do pripom\u00edna atmosf\u00e9ru kampusov 80. rokov. Typick\u00e9 v\u00fd\u0161ivky a reli\u00e9fne detaily sa objavuj\u00fa naprie\u010d kolekciou \u2013 od ikonickej varsity bundy z vlny a ko\u017ee a\u017e po mikiny s dvojit\u00fdm logom. Medzi v\u00fdrazn\u00e9 k\u00fasky pre \u017eeny aj mu\u017eov patria d\u017e\u00ednsy \u201eTHE JEAN\u201c, minisuk\u0148a \u201eTHE SKIRT\u201c a mierne oversize pruhovan\u00e1 ko\u0161e\u013ea \u201eTHE SHIRT\u201c. S\u00fa\u010das\u0165ou l\u00ednie je aj ikonick\u00e1 Marc Jacobs Tote Bag a zberate\u013esk\u00e1 ed\u00edcia kabelky A.P.C. Demi-Lune.<\/p>\n\n\n\n<div class=\"wp-block-buttons is-content-justification-center is-layout-flex wp-container-core-buttons-is-layout-1 wp-block-buttons-is-layout-flex\">\n<div class=\"wp-block-button\"><a class=\"wp-block-button__link wp-element-button\" href=\"https:\/\/answear.sk\/m\/a-p-c\/\">A.P.C.<\/a><\/div>\n<\/div>\n\n\n\n<p>Je to pocta hist\u00f3rii \u2013 no z\u00e1rove\u0148 prejav modernosti, preto\u017ee ka\u017ed\u00e1 silueta je preveden\u00e1 s chirurgickou presnos\u0165ou a nen\u00fatenou eleganciou, ktor\u00fdmi s\u00fa obaja dizajn\u00e9ri presl\u00e1ven\u00ed.<\/p>\n\n\n\n<figure class=\"wp-block-gallery has-nested-images columns-default is-cropped wp-block-gallery-2 is-layout-flex wp-block-gallery-is-layout-flex\">\n<figure class=\"wp-block-image size-large\"><img loading=\"lazy\" decoding=\"async\" width=\"768\" height=\"557\" data-id=\"24436\" src=\"https:\/\/answear.sk\/blog\/wp-content\/uploads\/2025\/12\/A.P.C._INTERACTION_28_MARC_JACOBS_12-768x557-1.webp\" alt=\"\" class=\"wp-image-24436\"\/><\/figure>\n\n\n\n<figure class=\"wp-block-image size-full\"><img loading=\"lazy\" decoding=\"async\" width=\"504\" height=\"695\" data-id=\"24438\" src=\"https:\/\/answear.sk\/blog\/wp-content\/uploads\/2025\/12\/A.P.C._INTERACTION_28_MARC_JACOBS_8-504x695-1.webp\" alt=\"\" class=\"wp-image-24438\"\/><\/figure>\n\n\n\n<figure class=\"wp-block-image size-large\"><img loading=\"lazy\" decoding=\"async\" width=\"768\" height=\"557\" data-id=\"24435\" src=\"https:\/\/answear.sk\/blog\/wp-content\/uploads\/2025\/12\/A.P.C._INTERACTION_28_MARC_JACOBS_1-768x557-1.webp\" alt=\"\" class=\"wp-image-24435\"\/><\/figure>\n<\/figure>\n\n\n\n<h2 class=\"wp-block-heading\">New York sa stret\u00e1va s Par\u00ed\u017eom<\/h2>\n\n\n\n<p>Kolekcia je bohat\u00e1 na odkazy na mest\u00e1, ktor\u00e9 obaja tvorcovia naz\u00fdvaj\u00fa domovom. Oran\u017eov\u00e9 detaily nie s\u00fa n\u00e1hodn\u00e9 \u2013 in\u0161pirovan\u00e9 Marcov\u00fdm par\u00ed\u017eskym cestovn\u00fdm preukazom Carte Orange z 80. rokov a Jeanov\u00fdm \u0161tudentsk\u00fdm preukazom zo Sorbonny. Prostredn\u00edctvom t\u00fdchto jemn\u00fdch n\u00e1znakov sa m\u00f3da men\u00ed na rozpr\u00e1vanie o spolo\u010dn\u00fdch spomienkach a o tom, ako sa r\u00f4zne kult\u00fary m\u00f4\u017eu spoji\u0165 jedn\u00fdm univerz\u00e1lnym jazykom \u2013 \u0161t\u00fdlom.<\/p>\n\n\n\n<p>Marc Jacobs prin\u00e1\u0161a svoju typick\u00fa eklektick\u00fa energiu, zatia\u013e \u010do A.P.C. prid\u00e1va minimalistick\u00e9 remeseln\u00e9 spracovanie a d\u00f4raz na detail. Spolo\u010dne vytv\u00e1raj\u00fa kolekciu, ktor\u00e1 bez n\u00e1mahy balansuje medzi le\u017e\u00e9rnym denimov\u00fdm \u0161t\u00fdlom a umeleckou sofistikovanos\u0165ou.<\/p>\n\n\n\n<figure class=\"wp-block-gallery has-nested-images columns-default is-cropped wp-block-gallery-3 is-layout-flex wp-block-gallery-is-layout-flex\">\n<figure class=\"wp-block-image size-large\"><img loading=\"lazy\" decoding=\"async\" width=\"504\" height=\"695\" data-id=\"24439\" src=\"https:\/\/answear.sk\/blog\/wp-content\/uploads\/2025\/12\/A.P.C._INTERACTION_28_MARC_JACOBS_6-768x1059-1-504x695.webp\" alt=\"\" class=\"wp-image-24439\" srcset=\"https:\/\/answear.sk\/blog\/wp-content\/uploads\/2025\/12\/A.P.C._INTERACTION_28_MARC_JACOBS_6-768x1059-1-504x695.webp 504w, https:\/\/answear.sk\/blog\/wp-content\/uploads\/2025\/12\/A.P.C._INTERACTION_28_MARC_JACOBS_6-768x1059-1.webp 768w\" sizes=\"(max-width: 504px) 100vw, 504px\" \/><\/figure>\n\n\n\n<figure class=\"wp-block-image size-large\"><img loading=\"lazy\" decoding=\"async\" width=\"504\" height=\"695\" data-id=\"24440\" src=\"https:\/\/answear.sk\/blog\/wp-content\/uploads\/2025\/12\/A.P.C._INTERACTION_28_MARC_JACOBS_7-768x1059-1-504x695.webp\" alt=\"\" class=\"wp-image-24440\" srcset=\"https:\/\/answear.sk\/blog\/wp-content\/uploads\/2025\/12\/A.P.C._INTERACTION_28_MARC_JACOBS_7-768x1059-1-504x695.webp 504w, https:\/\/answear.sk\/blog\/wp-content\/uploads\/2025\/12\/A.P.C._INTERACTION_28_MARC_JACOBS_7-768x1059-1.webp 768w\" sizes=\"(max-width: 504px) 100vw, 504px\" \/><\/figure>\n<\/figure>\n\n\n\n<h2 class=\"wp-block-heading\">M\u00f3da s du\u0161ou a pr\u00edbehom<\/h2>\n\n\n\n<p>Kampa\u0148, ktor\u00fa nafotil Nick Newbold a styling vytvoril Alastair McKimm, zachyt\u00e1va ducha tejto spolupr\u00e1ce \u2013 eleganciu, prec\u00edznos\u0165 a nen\u00e1padn\u00fd vtip. Nie je to len oble\u010denie; je to k\u00fasok kult\u00farneho rozpr\u00e1vania, kde minulos\u0165 a pr\u00edtomnos\u0165 tancuj\u00fa v dokonalej harm\u00f3nii, n\u00e1dherne odrazen\u00e9 v kampan\u017en\u00fdch vizu\u00e1loch.<\/p>\n\n\n\n<p class=\"kropka\">Marc Jacobs x A.P.C. je stretnut\u00edm dvoch filozofi\u00ed \u2013 franc\u00fazskeho pokoja a newyorskej energie. V tejto kolekcii hovor\u00ed klasick\u00fd \u0161t\u00fdl nov\u00fdm hlasom \u2013 tak\u00fdm, ktor\u00fd naozaj chceme po\u010du\u0165, s dotykom nostalgie a rados\u0165ou zo spolo\u010dn\u00fdch momentov a trval\u00fdch v\u00e4zieb.<\/p>\n","protected":false},"excerpt":{"rendered":"<p><span class=\"rt-reading-time\" style=\"display: block;\"><span class=\"rt-label rt-prefix\">\u010c\u00edtanie na <\/span> <span class=\"rt-time\">3<\/span> <span class=\"rt-label rt-postfix\">min\u00faty<\/span><\/span> Ke\u010f sa dvaja m\u00f3dni velik\u00e1ni \u2013 Marc Jacobs a A.P.C. \u2013 spoja, v\u00fdsledok m\u00f4\u017ee by\u0165 iba v\u00fdnimo\u010dn\u00fd. Ich spolo\u010dn\u00e1 kolekcia AW25 je radostnou cestou \u010dasom, ktor\u00e1 oslavuje v\u00fdrazn\u00fa estetiku 80. rokov a autentickos\u0165 trval\u00fdch priate\u013estiev. To, \u010do za\u010dalo ako spolo\u010dn\u00e1 in\u0161pir\u00e1cia, sa premenilo na kreat\u00edvny dial\u00f3g medzi New Yorkom a Par\u00ed\u017eom.<\/p>\n","protected":false},"author":37,"featured_media":24431,"comment_status":"closed","ping_status":"closed","sticky":false,"template":"","format":"standard","meta":{"footnotes":""},"categories":[676],"tags":[],"yoast_head":"<!-- This site is optimized with the Yoast SEO plugin v22.2 - https:\/\/yoast.com\/wordpress\/plugins\/seo\/ -->\n<title>Marc Jacobs x A.P.C. \u2013 stretnutie dvoch \u0161t\u00fdlov\u00fdch ikon v duchu osemdesiatych rokov - answear.sk blog<\/title>\n<meta name=\"description\" content=\"Ke\u010f sa dvaja m\u00f3dni velik\u00e1ni \u2013 Marc Jacobs a A.P.C. \u2013 spoja, v\u00fdsledok m\u00f4\u017ee by\u0165 iba v\u00fdnimo\u010dn\u00fd. Ich spolo\u010dn\u00e1 kolekcia AW25 je radostnou cestou \u010dasom, ktor\u00e1\" \/>\n<meta name=\"robots\" content=\"index, follow, max-snippet:-1, max-image-preview:large, max-video-preview:-1\" \/>\n<link rel=\"canonical\" href=\"https:\/\/answear.sk\/blog\/marc-jacobs-x-a-p-c-stretnutie-dvoch-stylovych-ikon-v-duchu-osemdesiatych-rokov\/24427\" \/>\n<meta property=\"og:locale\" content=\"sk_SK\" \/>\n<meta property=\"og:type\" content=\"article\" \/>\n<meta property=\"og:title\" content=\"Marc Jacobs x A.P.C. \u2013 stretnutie dvoch \u0161t\u00fdlov\u00fdch ikon v duchu osemdesiatych rokov - answear.sk blog\" \/>\n<meta property=\"og:description\" content=\"Ke\u010f sa dvaja m\u00f3dni velik\u00e1ni \u2013 Marc Jacobs a A.P.C. \u2013 spoja, v\u00fdsledok m\u00f4\u017ee by\u0165 iba v\u00fdnimo\u010dn\u00fd. Ich spolo\u010dn\u00e1 kolekcia AW25 je radostnou cestou \u010dasom, ktor\u00e1\" \/>\n<meta property=\"og:url\" content=\"https:\/\/answear.sk\/blog\/marc-jacobs-x-a-p-c-stretnutie-dvoch-stylovych-ikon-v-duchu-osemdesiatych-rokov\/24427\" \/>\n<meta property=\"og:site_name\" content=\"answear.sk blog\" \/>\n<meta property=\"article:published_time\" content=\"2025-12-03T12:44:33+00:00\" \/>\n<meta property=\"article:modified_time\" content=\"2025-12-03T12:58:38+00:00\" \/>\n<meta property=\"og:image\" content=\"https:\/\/answear.sk\/blog\/wp-content\/uploads\/2025\/12\/A.P.C._INTERACTION_28_MARC_JACOBS_3-1-scaled-e1762420972421-1680x695-1.webp\" \/>\n\t<meta property=\"og:image:width\" content=\"1680\" \/>\n\t<meta property=\"og:image:height\" content=\"695\" \/>\n\t<meta property=\"og:image:type\" content=\"image\/webp\" \/>\n<meta name=\"author\" content=\"Michaela\" \/>\n<meta name=\"twitter:card\" content=\"summary_large_image\" \/>\n<meta name=\"twitter:label1\" content=\"Autor\" \/>\n\t<meta name=\"twitter:data1\" content=\"Michaela\" \/>\n\t<meta name=\"twitter:label2\" content=\"Predpokladan\u00fd \u010das \u010d\u00edtania\" \/>\n\t<meta name=\"twitter:data2\" content=\"5 min\u00fat\" \/>\n<script type=\"application\/ld+json\" class=\"yoast-schema-graph\">{\"@context\":\"https:\/\/schema.org\",\"@graph\":[{\"@type\":\"WebPage\",\"@id\":\"https:\/\/answear.sk\/blog\/marc-jacobs-x-a-p-c-stretnutie-dvoch-stylovych-ikon-v-duchu-osemdesiatych-rokov\/24427\",\"url\":\"https:\/\/answear.sk\/blog\/marc-jacobs-x-a-p-c-stretnutie-dvoch-stylovych-ikon-v-duchu-osemdesiatych-rokov\/24427\",\"name\":\"Marc Jacobs x A.P.C. \u2013 stretnutie dvoch \u0161t\u00fdlov\u00fdch ikon v duchu osemdesiatych rokov - answear.sk blog\",\"isPartOf\":{\"@id\":\"https:\/\/answear.sk\/blog\/#website\"},\"primaryImageOfPage\":{\"@id\":\"https:\/\/answear.sk\/blog\/marc-jacobs-x-a-p-c-stretnutie-dvoch-stylovych-ikon-v-duchu-osemdesiatych-rokov\/24427#primaryimage\"},\"image\":{\"@id\":\"https:\/\/answear.sk\/blog\/marc-jacobs-x-a-p-c-stretnutie-dvoch-stylovych-ikon-v-duchu-osemdesiatych-rokov\/24427#primaryimage\"},\"thumbnailUrl\":\"https:\/\/answear.sk\/blog\/wp-content\/uploads\/2025\/12\/A.P.C._INTERACTION_28_MARC_JACOBS_3-1-scaled-e1762420972421-1680x695-1.webp\",\"datePublished\":\"2025-12-03T12:44:33+00:00\",\"dateModified\":\"2025-12-03T12:58:38+00:00\",\"author\":{\"@id\":\"https:\/\/answear.sk\/blog\/#\/schema\/person\/d74cf30355490c4f5593af0380ad73b8\"},\"description\":\"Ke\u010f sa dvaja m\u00f3dni velik\u00e1ni \u2013 Marc Jacobs a A.P.C. \u2013 spoja, v\u00fdsledok m\u00f4\u017ee by\u0165 iba v\u00fdnimo\u010dn\u00fd. Ich spolo\u010dn\u00e1 kolekcia AW25 je radostnou cestou \u010dasom, ktor\u00e1\",\"breadcrumb\":{\"@id\":\"https:\/\/answear.sk\/blog\/marc-jacobs-x-a-p-c-stretnutie-dvoch-stylovych-ikon-v-duchu-osemdesiatych-rokov\/24427#breadcrumb\"},\"inLanguage\":\"sk-SK\",\"potentialAction\":[{\"@type\":\"ReadAction\",\"target\":[\"https:\/\/answear.sk\/blog\/marc-jacobs-x-a-p-c-stretnutie-dvoch-stylovych-ikon-v-duchu-osemdesiatych-rokov\/24427\"]}]},{\"@type\":\"ImageObject\",\"inLanguage\":\"sk-SK\",\"@id\":\"https:\/\/answear.sk\/blog\/marc-jacobs-x-a-p-c-stretnutie-dvoch-stylovych-ikon-v-duchu-osemdesiatych-rokov\/24427#primaryimage\",\"url\":\"https:\/\/answear.sk\/blog\/wp-content\/uploads\/2025\/12\/A.P.C._INTERACTION_28_MARC_JACOBS_3-1-scaled-e1762420972421-1680x695-1.webp\",\"contentUrl\":\"https:\/\/answear.sk\/blog\/wp-content\/uploads\/2025\/12\/A.P.C._INTERACTION_28_MARC_JACOBS_3-1-scaled-e1762420972421-1680x695-1.webp\",\"width\":1680,\"height\":695},{\"@type\":\"BreadcrumbList\",\"@id\":\"https:\/\/answear.sk\/blog\/marc-jacobs-x-a-p-c-stretnutie-dvoch-stylovych-ikon-v-duchu-osemdesiatych-rokov\/24427#breadcrumb\",\"itemListElement\":[{\"@type\":\"ListItem\",\"position\":1,\"name\":\"Domovsk\u00e1 str\u00e1nka\",\"item\":\"https:\/\/answear.sk\/blog\/\"},{\"@type\":\"ListItem\",\"position\":2,\"name\":\"Marc Jacobs x A.P.C. \u2013 stretnutie dvoch \u0161t\u00fdlov\u00fdch ikon v duchu osemdesiatych rokov\"}]},{\"@type\":\"WebSite\",\"@id\":\"https:\/\/answear.sk\/blog\/#website\",\"url\":\"https:\/\/answear.sk\/blog\/\",\"name\":\"answear.sk blog\",\"description\":\"M\u00f3da, trendy, rady a tipy od stylistov, novinky zo sveta m\u00f3dy. We know the ANSWEAR ;-)\",\"potentialAction\":[{\"@type\":\"SearchAction\",\"target\":{\"@type\":\"EntryPoint\",\"urlTemplate\":\"https:\/\/answear.sk\/blog\/?s={search_term_string}\"},\"query-input\":\"required name=search_term_string\"}],\"inLanguage\":\"sk-SK\"},{\"@type\":\"Person\",\"@id\":\"https:\/\/answear.sk\/blog\/#\/schema\/person\/d74cf30355490c4f5593af0380ad73b8\",\"name\":\"Michaela\",\"image\":{\"@type\":\"ImageObject\",\"inLanguage\":\"sk-SK\",\"@id\":\"https:\/\/answear.sk\/blog\/#\/schema\/person\/image\/\",\"url\":\"https:\/\/secure.gravatar.com\/avatar\/18f0c4fbe526d147f1b3894de0ce040d?s=96&d=mm&r=g\",\"contentUrl\":\"https:\/\/secure.gravatar.com\/avatar\/18f0c4fbe526d147f1b3894de0ce040d?s=96&d=mm&r=g\",\"caption\":\"Michaela\"},\"url\":\"https:\/\/answear.sk\/blog\/author\/michaela\"}]}<\/script>\n<!-- \/ Yoast SEO plugin. -->","yoast_head_json":{"title":"Marc Jacobs x A.P.C. \u2013 stretnutie dvoch \u0161t\u00fdlov\u00fdch ikon v duchu osemdesiatych rokov - answear.sk blog","description":"Ke\u010f sa dvaja m\u00f3dni velik\u00e1ni \u2013 Marc Jacobs a A.P.C. \u2013 spoja, v\u00fdsledok m\u00f4\u017ee by\u0165 iba v\u00fdnimo\u010dn\u00fd. Ich spolo\u010dn\u00e1 kolekcia AW25 je radostnou cestou \u010dasom, ktor\u00e1","robots":{"index":"index","follow":"follow","max-snippet":"max-snippet:-1","max-image-preview":"max-image-preview:large","max-video-preview":"max-video-preview:-1"},"canonical":"https:\/\/answear.sk\/blog\/marc-jacobs-x-a-p-c-stretnutie-dvoch-stylovych-ikon-v-duchu-osemdesiatych-rokov\/24427","og_locale":"sk_SK","og_type":"article","og_title":"Marc Jacobs x A.P.C. \u2013 stretnutie dvoch \u0161t\u00fdlov\u00fdch ikon v duchu osemdesiatych rokov - answear.sk blog","og_description":"Ke\u010f sa dvaja m\u00f3dni velik\u00e1ni \u2013 Marc Jacobs a A.P.C. \u2013 spoja, v\u00fdsledok m\u00f4\u017ee by\u0165 iba v\u00fdnimo\u010dn\u00fd. Ich spolo\u010dn\u00e1 kolekcia AW25 je radostnou cestou \u010dasom, ktor\u00e1","og_url":"https:\/\/answear.sk\/blog\/marc-jacobs-x-a-p-c-stretnutie-dvoch-stylovych-ikon-v-duchu-osemdesiatych-rokov\/24427","og_site_name":"answear.sk blog","article_published_time":"2025-12-03T12:44:33+00:00","article_modified_time":"2025-12-03T12:58:38+00:00","og_image":[{"width":1680,"height":695,"url":"https:\/\/answear.sk\/blog\/wp-content\/uploads\/2025\/12\/A.P.C._INTERACTION_28_MARC_JACOBS_3-1-scaled-e1762420972421-1680x695-1.webp","type":"image\/webp"}],"author":"Michaela","twitter_card":"summary_large_image","twitter_misc":{"Autor":"Michaela","Predpokladan\u00fd \u010das \u010d\u00edtania":"5 min\u00fat"},"schema":{"@context":"https:\/\/schema.org","@graph":[{"@type":"WebPage","@id":"https:\/\/answear.sk\/blog\/marc-jacobs-x-a-p-c-stretnutie-dvoch-stylovych-ikon-v-duchu-osemdesiatych-rokov\/24427","url":"https:\/\/answear.sk\/blog\/marc-jacobs-x-a-p-c-stretnutie-dvoch-stylovych-ikon-v-duchu-osemdesiatych-rokov\/24427","name":"Marc Jacobs x A.P.C. \u2013 stretnutie dvoch \u0161t\u00fdlov\u00fdch ikon v duchu osemdesiatych rokov - answear.sk blog","isPartOf":{"@id":"https:\/\/answear.sk\/blog\/#website"},"primaryImageOfPage":{"@id":"https:\/\/answear.sk\/blog\/marc-jacobs-x-a-p-c-stretnutie-dvoch-stylovych-ikon-v-duchu-osemdesiatych-rokov\/24427#primaryimage"},"image":{"@id":"https:\/\/answear.sk\/blog\/marc-jacobs-x-a-p-c-stretnutie-dvoch-stylovych-ikon-v-duchu-osemdesiatych-rokov\/24427#primaryimage"},"thumbnailUrl":"https:\/\/answear.sk\/blog\/wp-content\/uploads\/2025\/12\/A.P.C._INTERACTION_28_MARC_JACOBS_3-1-scaled-e1762420972421-1680x695-1.webp","datePublished":"2025-12-03T12:44:33+00:00","dateModified":"2025-12-03T12:58:38+00:00","author":{"@id":"https:\/\/answear.sk\/blog\/#\/schema\/person\/d74cf30355490c4f5593af0380ad73b8"},"description":"Ke\u010f sa dvaja m\u00f3dni velik\u00e1ni \u2013 Marc Jacobs a A.P.C. \u2013 spoja, v\u00fdsledok m\u00f4\u017ee by\u0165 iba v\u00fdnimo\u010dn\u00fd. Ich spolo\u010dn\u00e1 kolekcia AW25 je radostnou cestou \u010dasom, ktor\u00e1","breadcrumb":{"@id":"https:\/\/answear.sk\/blog\/marc-jacobs-x-a-p-c-stretnutie-dvoch-stylovych-ikon-v-duchu-osemdesiatych-rokov\/24427#breadcrumb"},"inLanguage":"sk-SK","potentialAction":[{"@type":"ReadAction","target":["https:\/\/answear.sk\/blog\/marc-jacobs-x-a-p-c-stretnutie-dvoch-stylovych-ikon-v-duchu-osemdesiatych-rokov\/24427"]}]},{"@type":"ImageObject","inLanguage":"sk-SK","@id":"https:\/\/answear.sk\/blog\/marc-jacobs-x-a-p-c-stretnutie-dvoch-stylovych-ikon-v-duchu-osemdesiatych-rokov\/24427#primaryimage","url":"https:\/\/answear.sk\/blog\/wp-content\/uploads\/2025\/12\/A.P.C._INTERACTION_28_MARC_JACOBS_3-1-scaled-e1762420972421-1680x695-1.webp","contentUrl":"https:\/\/answear.sk\/blog\/wp-content\/uploads\/2025\/12\/A.P.C._INTERACTION_28_MARC_JACOBS_3-1-scaled-e1762420972421-1680x695-1.webp","width":1680,"height":695},{"@type":"BreadcrumbList","@id":"https:\/\/answear.sk\/blog\/marc-jacobs-x-a-p-c-stretnutie-dvoch-stylovych-ikon-v-duchu-osemdesiatych-rokov\/24427#breadcrumb","itemListElement":[{"@type":"ListItem","position":1,"name":"Domovsk\u00e1 str\u00e1nka","item":"https:\/\/answear.sk\/blog\/"},{"@type":"ListItem","position":2,"name":"Marc Jacobs x A.P.C. \u2013 stretnutie dvoch \u0161t\u00fdlov\u00fdch ikon v duchu osemdesiatych rokov"}]},{"@type":"WebSite","@id":"https:\/\/answear.sk\/blog\/#website","url":"https:\/\/answear.sk\/blog\/","name":"answear.sk blog","description":"M\u00f3da, trendy, rady a tipy od stylistov, novinky zo sveta m\u00f3dy. We know the ANSWEAR ;-)","potentialAction":[{"@type":"SearchAction","target":{"@type":"EntryPoint","urlTemplate":"https:\/\/answear.sk\/blog\/?s={search_term_string}"},"query-input":"required name=search_term_string"}],"inLanguage":"sk-SK"},{"@type":"Person","@id":"https:\/\/answear.sk\/blog\/#\/schema\/person\/d74cf30355490c4f5593af0380ad73b8","name":"Michaela","image":{"@type":"ImageObject","inLanguage":"sk-SK","@id":"https:\/\/answear.sk\/blog\/#\/schema\/person\/image\/","url":"https:\/\/secure.gravatar.com\/avatar\/18f0c4fbe526d147f1b3894de0ce040d?s=96&d=mm&r=g","contentUrl":"https:\/\/secure.gravatar.com\/avatar\/18f0c4fbe526d147f1b3894de0ce040d?s=96&d=mm&r=g","caption":"Michaela"},"url":"https:\/\/answear.sk\/blog\/author\/michaela"}]}},"_links":{"self":[{"href":"https:\/\/answear.sk\/blog\/wp-json\/wp\/v2\/posts\/24427"}],"collection":[{"href":"https:\/\/answear.sk\/blog\/wp-json\/wp\/v2\/posts"}],"about":[{"href":"https:\/\/answear.sk\/blog\/wp-json\/wp\/v2\/types\/post"}],"author":[{"embeddable":true,"href":"https:\/\/answear.sk\/blog\/wp-json\/wp\/v2\/users\/37"}],"replies":[{"embeddable":true,"href":"https:\/\/answear.sk\/blog\/wp-json\/wp\/v2\/comments?post=24427"}],"version-history":[{"count":4,"href":"https:\/\/answear.sk\/blog\/wp-json\/wp\/v2\/posts\/24427\/revisions"}],"predecessor-version":[{"id":24443,"href":"https:\/\/answear.sk\/blog\/wp-json\/wp\/v2\/posts\/24427\/revisions\/24443"}],"wp:featuredmedia":[{"embeddable":true,"href":"https:\/\/answear.sk\/blog\/wp-json\/wp\/v2\/media\/24431"}],"wp:attachment":[{"href":"https:\/\/answear.sk\/blog\/wp-json\/wp\/v2\/media?parent=24427"}],"wp:term":[{"taxonomy":"category","embeddable":true,"href":"https:\/\/answear.sk\/blog\/wp-json\/wp\/v2\/categories?post=24427"},{"taxonomy":"post_tag","embeddable":true,"href":"https:\/\/answear.sk\/blog\/wp-json\/wp\/v2\/tags?post=24427"}],"curies":[{"name":"wp","href":"https:\/\/api.w.org\/{rel}","templated":true}]}}